{"id":48370,"date":"2019-02-28T10:29:00","date_gmt":"2019-02-28T13:29:00","guid":{"rendered":"https:\/\/eldiariodesanpedro.com.ar\/sitio\/?p=48370"},"modified":"2019-02-28T10:29:06","modified_gmt":"2019-02-28T13:29:06","slug":"accidente-un-joven-herido-en-un-choque-entre-auto-y-moto","status":"publish","type":"post","link":"https:\/\/eldiariodesanpedro.com.ar\/sitio\/accidente-un-joven-herido-en-un-choque-entre-auto-y-moto\/","title":{"rendered":"Accidente: Un joven herido en un choque entre auto y moto"},"content":{"rendered":"<!-- VideographyWP Plugin Message: Automatic video embedding prevented by plugin options. -->\n\n<p>Nuevamente ocurri\u00f3 un accidente de tr\u00e1nsito en la calle de nuestra ciudad donde un joven result\u00f3 herido.<\/p>\n\n\n\n<p>El siniestro ocurri\u00f3 este mi\u00e9rcoles alrededor  de las 17:30 hs en la intersecci\u00f3n de las calles Independencia y Litoral, donde colisionaron una motocicleta 110 cc guiada por masculino de 47 a\u00f1os de edad y un autom\u00f3vil conducido por un hombre de 32 a\u00f1os.<\/p>\n\n\n\n<p>Como consecuencia del impacto el conductor de la motocicleta fue trasladado al nosocomio local por el SAME resultando con lesiones leves.<\/p>\n","protected":false},"excerpt":{"rendered":"<p>Nuevamente ocurri\u00f3 un accidente de tr\u00e1nsito en la calle de nuestra ciudad donde un joven result\u00f3 herido. El siniestro ocurri\u00f3 este mi\u00e9rcoles alrededor de las 17:30 hs en la intersecci\u00f3n de las calles Independencia y Litoral, donde colisionaron una motocicleta 110 cc guiada por masculino de 47 a\u00f1os de edad y un autom\u00f3vil conducido por [&hellip;]<\/p>\n","protected":false},"author":4,"featured_media":2624,"comment_status":"open","ping_status":"closed","sticky":false,"template":"","format":"standard","meta":{"om_disable_all_campaigns":false,"_jetpack_memberships_contains_paid_content":false,"footnotes":""},"categories":[2,103],"tags":[],"class_list":["post-48370","post","type-post","status-publish","format-standard","has-post-thumbnail","hentry","category-locales","category-policiales-locales"],"aioseo_notices":[],"gutentor_comment":0,"jetpack_featured_media_url":"https:\/\/eldiariodesanpedro.com.ar\/sitio\/wp-content\/uploads\/2016\/04\/guardia.jpg","jetpack_shortlink":"https:\/\/wp.me\/p6RhLt-cAa","jetpack_sharing_enabled":true,"_links":{"self":[{"href":"https:\/\/eldiariodesanpedro.com.ar\/sitio\/wp-json\/wp\/v2\/posts\/48370","targetHints":{"allow":["GET"]}}],"collection":[{"href":"https:\/\/eldiariodesanpedro.com.ar\/sitio\/wp-json\/wp\/v2\/posts"}],"about":[{"href":"https:\/\/eldiariodesanpedro.com.ar\/sitio\/wp-json\/wp\/v2\/types\/post"}],"author":[{"embeddable":true,"href":"https:\/\/eldiariodesanpedro.com.ar\/sitio\/wp-json\/wp\/v2\/users\/4"}],"replies":[{"embeddable":true,"href":"https:\/\/eldiariodesanpedro.com.ar\/sitio\/wp-json\/wp\/v2\/comments?post=48370"}],"version-history":[{"count":1,"href":"https:\/\/eldiariodesanpedro.com.ar\/sitio\/wp-json\/wp\/v2\/posts\/48370\/revisions"}],"predecessor-version":[{"id":48371,"href":"https:\/\/eldiariodesanpedro.com.ar\/sitio\/wp-json\/wp\/v2\/posts\/48370\/revisions\/48371"}],"wp:featuredmedia":[{"embeddable":true,"href":"https:\/\/eldiariodesanpedro.com.ar\/sitio\/wp-json\/wp\/v2\/media\/2624"}],"wp:attachment":[{"href":"https:\/\/eldiariodesanpedro.com.ar\/sitio\/wp-json\/wp\/v2\/media?parent=48370"}],"wp:term":[{"taxonomy":"category","embeddable":true,"href":"https:\/\/eldiariodesanpedro.com.ar\/sitio\/wp-json\/wp\/v2\/categories?post=48370"},{"taxonomy":"post_tag","embeddable":true,"href":"https:\/\/eldiariodesanpedro.com.ar\/sitio\/wp-json\/wp\/v2\/tags?post=48370"}],"curies":[{"name":"wp","href":"https:\/\/api.w.org\/{rel}","templated":true}]}}