{"id":48366,"date":"2019-02-28T10:13:25","date_gmt":"2019-02-28T13:13:25","guid":{"rendered":"https:\/\/eldiariodesanpedro.com.ar\/sitio\/?p=48366"},"modified":"2019-02-28T10:13:31","modified_gmt":"2019-02-28T13:13:31","slug":"un-nuevo-caso-de-violencia-de-genero-un-hombre-aprehendido","status":"publish","type":"post","link":"https:\/\/eldiariodesanpedro.com.ar\/sitio\/un-nuevo-caso-de-violencia-de-genero-un-hombre-aprehendido\/","title":{"rendered":"Un nuevo caso de violencia de g\u00e9nero, un hombre aprehendido"},"content":{"rendered":"<!-- VideographyWP Plugin Message: Automatic video embedding prevented by plugin options. -->\n\n<p>Este mi\u00e9rcoles en horas de la tarde se produjo un conflicto familiar en un domicilio de nuestra ciudad.<\/p>\n\n\n\n<p>Un patrullero se tuvo que hacer presente en un domicilio ubicado en calle Bottaro al 1600 donde se produjo un conflicto familiar. <\/p>\n\n\n\n<p>Segun moradora angustiada logro zafar situaci\u00f3n interior vivienda, tras agresi\u00f3n f\u00edsica de su concubino, quien adem\u00e1s la amenazo de muerte. <\/p>\n\n\n\n<p>Los oficiales lograron aprehender  al agresor un sujeto de 36 a\u00f1o de edad. <\/p>\n\n\n\n<p>El aprehendido permanece alojado en sede policial, a disposici\u00f3n de la fiscal\u00eda en turno de San Pedro <\/p>\n","protected":false},"excerpt":{"rendered":"<p>Este mi\u00e9rcoles en horas de la tarde se produjo un conflicto familiar en un domicilio de nuestra ciudad. Un patrullero se tuvo que hacer presente en un domicilio ubicado en calle Bottaro al 1600 donde se produjo un conflicto familiar. Segun moradora angustiada logro zafar situaci\u00f3n interior vivienda, tras agresi\u00f3n f\u00edsica de su concubino, quien [&hellip;]<\/p>\n","protected":false},"author":4,"featured_media":47762,"comment_status":"open","ping_status":"closed","sticky":false,"template":"","format":"standard","meta":{"om_disable_all_campaigns":false,"_jetpack_memberships_contains_paid_content":false,"footnotes":""},"categories":[2,103],"tags":[],"class_list":["post-48366","post","type-post","status-publish","format-standard","has-post-thumbnail","hentry","category-locales","category-policiales-locales"],"aioseo_notices":[],"gutentor_comment":0,"jetpack_featured_media_url":"https:\/\/eldiariodesanpedro.com.ar\/sitio\/wp-content\/uploads\/2019\/02\/violencia-1.jpg","jetpack_shortlink":"https:\/\/wp.me\/p6RhLt-cA6","jetpack_sharing_enabled":true,"_links":{"self":[{"href":"https:\/\/eldiariodesanpedro.com.ar\/sitio\/wp-json\/wp\/v2\/posts\/48366","targetHints":{"allow":["GET"]}}],"collection":[{"href":"https:\/\/eldiariodesanpedro.com.ar\/sitio\/wp-json\/wp\/v2\/posts"}],"about":[{"href":"https:\/\/eldiariodesanpedro.com.ar\/sitio\/wp-json\/wp\/v2\/types\/post"}],"author":[{"embeddable":true,"href":"https:\/\/eldiariodesanpedro.com.ar\/sitio\/wp-json\/wp\/v2\/users\/4"}],"replies":[{"embeddable":true,"href":"https:\/\/eldiariodesanpedro.com.ar\/sitio\/wp-json\/wp\/v2\/comments?post=48366"}],"version-history":[{"count":1,"href":"https:\/\/eldiariodesanpedro.com.ar\/sitio\/wp-json\/wp\/v2\/posts\/48366\/revisions"}],"predecessor-version":[{"id":48367,"href":"https:\/\/eldiariodesanpedro.com.ar\/sitio\/wp-json\/wp\/v2\/posts\/48366\/revisions\/48367"}],"wp:featuredmedia":[{"embeddable":true,"href":"https:\/\/eldiariodesanpedro.com.ar\/sitio\/wp-json\/wp\/v2\/media\/47762"}],"wp:attachment":[{"href":"https:\/\/eldiariodesanpedro.com.ar\/sitio\/wp-json\/wp\/v2\/media?parent=48366"}],"wp:term":[{"taxonomy":"category","embeddable":true,"href":"https:\/\/eldiariodesanpedro.com.ar\/sitio\/wp-json\/wp\/v2\/categories?post=48366"},{"taxonomy":"post_tag","embeddable":true,"href":"https:\/\/eldiariodesanpedro.com.ar\/sitio\/wp-json\/wp\/v2\/tags?post=48366"}],"curies":[{"name":"wp","href":"https:\/\/api.w.org\/{rel}","templated":true}]}}