{"id":48364,"date":"2019-02-28T10:00:49","date_gmt":"2019-02-28T13:00:49","guid":{"rendered":"https:\/\/eldiariodesanpedro.com.ar\/sitio\/?p=48364"},"modified":"2019-02-28T10:00:55","modified_gmt":"2019-02-28T13:00:55","slug":"aprehendidos-por-resistencia-a-la-autoridad","status":"publish","type":"post","link":"https:\/\/eldiariodesanpedro.com.ar\/sitio\/aprehendidos-por-resistencia-a-la-autoridad\/","title":{"rendered":"Aprehendidos por resistencia a la autoridad"},"content":{"rendered":"<!-- VideographyWP Plugin Message: Automatic video embedding prevented by plugin options. -->\n\n<p>Este mi\u00e9rcoles la Polic\u00eda alertada por vecinos a trav\u00e9s del 911 acude Saavedra al 2000 donde se encontraron personas molestando v\u00eda p\u00fablica, por lo que se aprehende a j\u00f3venes de 17 a\u00f1os de edad, quienes advertidos por personal policial, niegan identificaci\u00f3n, y resisten proceder.<\/p>\n\n\n\n<p>Permaneciendo demorados en sede policial, a disposici\u00f3n de la fiscal\u00eda juvenil de San Nicolas.<\/p>\n","protected":false},"excerpt":{"rendered":"<p>Este mi\u00e9rcoles la Polic\u00eda alertada por vecinos a trav\u00e9s del 911 acude Saavedra al 2000 donde se encontraron personas molestando v\u00eda p\u00fablica, por lo que se aprehende a j\u00f3venes de 17 a\u00f1os de edad, quienes advertidos por personal policial, niegan identificaci\u00f3n, y resisten proceder. Permaneciendo demorados en sede policial, a disposici\u00f3n de la fiscal\u00eda juvenil [&hellip;]<\/p>\n","protected":false},"author":4,"featured_media":33688,"comment_status":"open","ping_status":"closed","sticky":false,"template":"","format":"standard","meta":{"om_disable_all_campaigns":false,"_jetpack_memberships_contains_paid_content":false,"footnotes":""},"categories":[2,103],"tags":[],"class_list":["post-48364","post","type-post","status-publish","format-standard","has-post-thumbnail","hentry","category-locales","category-policiales-locales"],"aioseo_notices":[],"gutentor_comment":0,"jetpack_featured_media_url":"https:\/\/eldiariodesanpedro.com.ar\/sitio\/wp-content\/uploads\/2018\/05\/detenidos-4.jpg","jetpack_shortlink":"https:\/\/wp.me\/p6RhLt-cA4","jetpack_sharing_enabled":true,"_links":{"self":[{"href":"https:\/\/eldiariodesanpedro.com.ar\/sitio\/wp-json\/wp\/v2\/posts\/48364","targetHints":{"allow":["GET"]}}],"collection":[{"href":"https:\/\/eldiariodesanpedro.com.ar\/sitio\/wp-json\/wp\/v2\/posts"}],"about":[{"href":"https:\/\/eldiariodesanpedro.com.ar\/sitio\/wp-json\/wp\/v2\/types\/post"}],"author":[{"embeddable":true,"href":"https:\/\/eldiariodesanpedro.com.ar\/sitio\/wp-json\/wp\/v2\/users\/4"}],"replies":[{"embeddable":true,"href":"https:\/\/eldiariodesanpedro.com.ar\/sitio\/wp-json\/wp\/v2\/comments?post=48364"}],"version-history":[{"count":1,"href":"https:\/\/eldiariodesanpedro.com.ar\/sitio\/wp-json\/wp\/v2\/posts\/48364\/revisions"}],"predecessor-version":[{"id":48365,"href":"https:\/\/eldiariodesanpedro.com.ar\/sitio\/wp-json\/wp\/v2\/posts\/48364\/revisions\/48365"}],"wp:featuredmedia":[{"embeddable":true,"href":"https:\/\/eldiariodesanpedro.com.ar\/sitio\/wp-json\/wp\/v2\/media\/33688"}],"wp:attachment":[{"href":"https:\/\/eldiariodesanpedro.com.ar\/sitio\/wp-json\/wp\/v2\/media?parent=48364"}],"wp:term":[{"taxonomy":"category","embeddable":true,"href":"https:\/\/eldiariodesanpedro.com.ar\/sitio\/wp-json\/wp\/v2\/categories?post=48364"},{"taxonomy":"post_tag","embeddable":true,"href":"https:\/\/eldiariodesanpedro.com.ar\/sitio\/wp-json\/wp\/v2\/tags?post=48364"}],"curies":[{"name":"wp","href":"https:\/\/api.w.org\/{rel}","templated":true}]}}