{"id":48359,"date":"2019-02-28T09:44:20","date_gmt":"2019-02-28T12:44:20","guid":{"rendered":"https:\/\/eldiariodesanpedro.com.ar\/sitio\/?p=48359"},"modified":"2019-02-28T09:44:30","modified_gmt":"2019-02-28T12:44:30","slug":"baradero-dditdi-y-co-allanamiento-con-resultado-positivo-por-comercializacion-de-estupefacientes","status":"publish","type":"post","link":"https:\/\/eldiariodesanpedro.com.ar\/sitio\/baradero-dditdi-y-co-allanamiento-con-resultado-positivo-por-comercializacion-de-estupefacientes\/","title":{"rendered":"BARADERO: DDITDI Y CO: Allanamiento con resultado positivo por comercializaci\u00f3n de estupefacientes"},"content":{"rendered":"<!-- VideographyWP Plugin Message: Automatic video embedding prevented by plugin options. -->\n\n<p>Personal de la Departamental de Investigaciones del Trafico de Drogas Il\u00edcitas y Crimen Organizado. Juntamente con el Sr. Secretario Fiscal Dr.  Gustavo Telesco. Bajo la supervisi\u00f3n de la Sra. Agente Fiscal Dra. Veronica Marcantonio a cargo de la Unidad Funcional de Instrucci\u00f3n N 1 tematizada en Estupefacientes realizaron un allanamiento en   Barrio  Tobares, de la vecina localidad, con resultado Positivos.<\/p>\n\n\n\n<p><br> La investigaci\u00f3n se inicia en el mes de noviembre del a\u00f1o 2018. Dando cuenta que en el domicilio de calle Guiraldes al 498,  una persona de sexo masculino comercializar\u00eda material Estupefaciente en forma de menudeo.<\/p>\n\n\n\n<p><br>Al realizar tareas investigativas los uniformados informaron a la Sra. Agente Fiscal Dra. Veronica Marcantonio que dicho movimiento del investigado son compatibles con la venta y comercializaci\u00f3n de la sustancia prohibida solicitando a la  fiscal que tome intervenci\u00f3n el Juez de Garant\u00eda N\u00ba 2 ,  a cargo del Dr. Ricardo Luis Prati y proceda a una  orden de allanamiento para dicho domicilio.<\/p>\n\n\n\n<p>As\u00ed fue como esta madrugada personal  de la Departamental de Investigaciones del Trafico de Drogas Ilicitas y Crimen Organizado irrumpi\u00f3  en la vivienda investigada, sita en calle Guiraldes al 498, en la que se encontraba su morador, un hombre de 32 a\u00f1os de edad durmiendo junto a su mujer e hijos, la diligencia duro casi 4 horas. <\/p>\n\n\n\n<p>En la misma se procedi\u00f3 al secuestro de marihuana compacta,  envoltorios de coca\u00edna preparado para su venta,  balanza de precisi\u00f3n, celulares,  maquina de armado de.cigarrillos caseros y varios cartuchos de diferentes calibres. <\/p>\n\n\n\n<p>El sujeto quedo detenido en la sede policial de la localidad a la espera de la intervenci\u00f3n del fiscal. <\/p>\n\n\n\n<ul class=\"wp-block-gallery columns-3 is-cropped wp-block-gallery-1 is-layout-flex wp-block-gallery-is-layout-flex\"><li class=\"blocks-gallery-item\"><figure><img decoding=\"async\" width=\"576\" height=\"1024\" data-attachment-id=\"48362\" data-permalink=\"https:\/\/eldiariodesanpedro.com.ar\/sitio\/baradero-dditdi-y-co-allanamiento-con-resultado-positivo-por-comercializacion-de-estupefacientes\/whatsapp-image-2019-02-28-at-09-23-02\/\" data-orig-file=\"https:\/\/eldiariodesanpedro.com.ar\/sitio\/wp-content\/uploads\/2019\/02\/WhatsApp-Image-2019-02-28-at-09.23.02.jpeg\" data-orig-size=\"581,1032\" data-comments-opened=\"1\" data-image-meta=\"{&quot;aperture&quot;:&quot;0&quot;,&quot;credit&quot;:&quot;&quot;,&quot;camera&quot;:&quot;&quot;,&quot;caption&quot;:&quot;&quot;,&quot;created_timestamp&quot;:&quot;0&quot;,&quot;copyright&quot;:&quot;&quot;,&quot;focal_length&quot;:&quot;0&quot;,&quot;iso&quot;:&quot;0&quot;,&quot;shutter_speed&quot;:&quot;0&quot;,&quot;title&quot;:&quot;&quot;,&quot;orientation&quot;:&quot;0&quot;}\" data-image-title=\"WhatsApp Image 2019-02-28 at 09.23.02\" data-image-description=\"\" data-image-caption=\"\" data-large-file=\"https:\/\/eldiariodesanpedro.com.ar\/sitio\/wp-content\/uploads\/2019\/02\/WhatsApp-Image-2019-02-28-at-09.23.02-576x1024.jpeg\" data-src=\"https:\/\/eldiariodesanpedro.com.ar\/sitio\/wp-content\/uploads\/2019\/02\/WhatsApp-Image-2019-02-28-at-09.23.02-576x1024.jpeg\" alt=\"\" data-id=\"48362\" data-link=\"https:\/\/eldiariodesanpedro.com.ar\/sitio\/?attachment_id=48362\" class=\"wp-image-48362 lazyload\" data-srcset=\"https:\/\/eldiariodesanpedro.com.ar\/sitio\/wp-content\/uploads\/2019\/02\/WhatsApp-Image-2019-02-28-at-09.23.02-576x1024.jpeg 576w, https:\/\/eldiariodesanpedro.com.ar\/sitio\/wp-content\/uploads\/2019\/02\/WhatsApp-Image-2019-02-28-at-09.23.02-169x300.jpeg 169w, https:\/\/eldiariodesanpedro.com.ar\/sitio\/wp-content\/uploads\/2019\/02\/WhatsApp-Image-2019-02-28-at-09.23.02.jpeg 581w\" data-sizes=\"(max-width: 576px) 100vw, 576px\" src=\"data:image\/svg+xml;base64,PHN2ZyB3aWR0aD0iMSIgaGVpZ2h0PSIxIiB4bWxucz0iaHR0cDovL3d3dy53My5vcmcvMjAwMC9zdmciPjwvc3ZnPg==\" style=\"--smush-placeholder-width: 576px; --smush-placeholder-aspect-ratio: 576\/1024;\" \/><\/figure><\/li><li class=\"blocks-gallery-item\"><figure><img decoding=\"async\" width=\"1024\" height=\"576\" data-attachment-id=\"48361\" data-permalink=\"https:\/\/eldiariodesanpedro.com.ar\/sitio\/baradero-dditdi-y-co-allanamiento-con-resultado-positivo-por-comercializacion-de-estupefacientes\/whatsapp-image-2019-02-28-at-09-23-02-2\/\" data-orig-file=\"https:\/\/eldiariodesanpedro.com.ar\/sitio\/wp-content\/uploads\/2019\/02\/WhatsApp-Image-2019-02-28-at-09.23.02-2.jpeg\" data-orig-size=\"1032,581\" data-comments-opened=\"1\" data-image-meta=\"{&quot;aperture&quot;:&quot;0&quot;,&quot;credit&quot;:&quot;&quot;,&quot;camera&quot;:&quot;&quot;,&quot;caption&quot;:&quot;&quot;,&quot;created_timestamp&quot;:&quot;0&quot;,&quot;copyright&quot;:&quot;&quot;,&quot;focal_length&quot;:&quot;0&quot;,&quot;iso&quot;:&quot;0&quot;,&quot;shutter_speed&quot;:&quot;0&quot;,&quot;title&quot;:&quot;&quot;,&quot;orientation&quot;:&quot;0&quot;}\" data-image-title=\"WhatsApp Image 2019-02-28 at 09.23.02 (2)\" data-image-description=\"\" data-image-caption=\"\" data-large-file=\"https:\/\/eldiariodesanpedro.com.ar\/sitio\/wp-content\/uploads\/2019\/02\/WhatsApp-Image-2019-02-28-at-09.23.02-2-1024x576.jpeg\" data-src=\"https:\/\/eldiariodesanpedro.com.ar\/sitio\/wp-content\/uploads\/2019\/02\/WhatsApp-Image-2019-02-28-at-09.23.02-2-1024x576.jpeg\" alt=\"\" data-id=\"48361\" data-link=\"https:\/\/eldiariodesanpedro.com.ar\/sitio\/?attachment_id=48361\" class=\"wp-image-48361 lazyload\" data-srcset=\"https:\/\/eldiariodesanpedro.com.ar\/sitio\/wp-content\/uploads\/2019\/02\/WhatsApp-Image-2019-02-28-at-09.23.02-2-1024x576.jpeg 1024w, https:\/\/eldiariodesanpedro.com.ar\/sitio\/wp-content\/uploads\/2019\/02\/WhatsApp-Image-2019-02-28-at-09.23.02-2-300x169.jpeg 300w, https:\/\/eldiariodesanpedro.com.ar\/sitio\/wp-content\/uploads\/2019\/02\/WhatsApp-Image-2019-02-28-at-09.23.02-2-768x432.jpeg 768w, https:\/\/eldiariodesanpedro.com.ar\/sitio\/wp-content\/uploads\/2019\/02\/WhatsApp-Image-2019-02-28-at-09.23.02-2.jpeg 1032w\" data-sizes=\"(max-width: 1024px) 100vw, 1024px\" src=\"data:image\/svg+xml;base64,PHN2ZyB3aWR0aD0iMSIgaGVpZ2h0PSIxIiB4bWxucz0iaHR0cDovL3d3dy53My5vcmcvMjAwMC9zdmciPjwvc3ZnPg==\" style=\"--smush-placeholder-width: 1024px; --smush-placeholder-aspect-ratio: 1024\/576;\" \/><\/figure><\/li><li class=\"blocks-gallery-item\"><figure><img decoding=\"async\" width=\"576\" height=\"1024\" data-attachment-id=\"48360\" data-permalink=\"https:\/\/eldiariodesanpedro.com.ar\/sitio\/baradero-dditdi-y-co-allanamiento-con-resultado-positivo-por-comercializacion-de-estupefacientes\/whatsapp-image-2019-02-28-at-09-23-02-1\/\" data-orig-file=\"https:\/\/eldiariodesanpedro.com.ar\/sitio\/wp-content\/uploads\/2019\/02\/WhatsApp-Image-2019-02-28-at-09.23.02-1.jpeg\" data-orig-size=\"581,1032\" data-comments-opened=\"1\" data-image-meta=\"{&quot;aperture&quot;:&quot;0&quot;,&quot;credit&quot;:&quot;&quot;,&quot;camera&quot;:&quot;&quot;,&quot;caption&quot;:&quot;&quot;,&quot;created_timestamp&quot;:&quot;0&quot;,&quot;copyright&quot;:&quot;&quot;,&quot;focal_length&quot;:&quot;0&quot;,&quot;iso&quot;:&quot;0&quot;,&quot;shutter_speed&quot;:&quot;0&quot;,&quot;title&quot;:&quot;&quot;,&quot;orientation&quot;:&quot;0&quot;}\" data-image-title=\"WhatsApp Image 2019-02-28 at 09.23.02 (1)\" data-image-description=\"\" data-image-caption=\"\" data-large-file=\"https:\/\/eldiariodesanpedro.com.ar\/sitio\/wp-content\/uploads\/2019\/02\/WhatsApp-Image-2019-02-28-at-09.23.02-1-576x1024.jpeg\" data-src=\"https:\/\/eldiariodesanpedro.com.ar\/sitio\/wp-content\/uploads\/2019\/02\/WhatsApp-Image-2019-02-28-at-09.23.02-1-576x1024.jpeg\" alt=\"\" data-id=\"48360\" data-link=\"https:\/\/eldiariodesanpedro.com.ar\/sitio\/?attachment_id=48360\" class=\"wp-image-48360 lazyload\" data-srcset=\"https:\/\/eldiariodesanpedro.com.ar\/sitio\/wp-content\/uploads\/2019\/02\/WhatsApp-Image-2019-02-28-at-09.23.02-1-576x1024.jpeg 576w, https:\/\/eldiariodesanpedro.com.ar\/sitio\/wp-content\/uploads\/2019\/02\/WhatsApp-Image-2019-02-28-at-09.23.02-1-169x300.jpeg 169w, https:\/\/eldiariodesanpedro.com.ar\/sitio\/wp-content\/uploads\/2019\/02\/WhatsApp-Image-2019-02-28-at-09.23.02-1.jpeg 581w\" data-sizes=\"(max-width: 576px) 100vw, 576px\" src=\"data:image\/svg+xml;base64,PHN2ZyB3aWR0aD0iMSIgaGVpZ2h0PSIxIiB4bWxucz0iaHR0cDovL3d3dy53My5vcmcvMjAwMC9zdmciPjwvc3ZnPg==\" style=\"--smush-placeholder-width: 576px; --smush-placeholder-aspect-ratio: 576\/1024;\" \/><\/figure><\/li><\/ul>\n","protected":false},"excerpt":{"rendered":"<p>Personal de la Departamental de Investigaciones del Trafico de Drogas Il\u00edcitas y Crimen Organizado. Juntamente con el Sr. Secretario Fiscal Dr. Gustavo Telesco. Bajo la supervisi\u00f3n de la Sra. Agente Fiscal Dra. Veronica Marcantonio a cargo de la Unidad Funcional de Instrucci\u00f3n N 1 tematizada en Estupefacientes realizaron un allanamiento en Barrio Tobares, de la [&hellip;]<\/p>\n","protected":false},"author":4,"featured_media":48362,"comment_status":"open","ping_status":"closed","sticky":false,"template":"","format":"standard","meta":{"om_disable_all_campaigns":false,"_jetpack_memberships_contains_paid_content":false,"footnotes":""},"categories":[621],"tags":[],"class_list":["post-48359","post","type-post","status-publish","format-standard","has-post-thumbnail","hentry","category-regionales"],"aioseo_notices":[],"gutentor_comment":0,"jetpack_featured_media_url":"https:\/\/eldiariodesanpedro.com.ar\/sitio\/wp-content\/uploads\/2019\/02\/WhatsApp-Image-2019-02-28-at-09.23.02.jpeg","jetpack_shortlink":"https:\/\/wp.me\/p6RhLt-czZ","jetpack_sharing_enabled":true,"_links":{"self":[{"href":"https:\/\/eldiariodesanpedro.com.ar\/sitio\/wp-json\/wp\/v2\/posts\/48359","targetHints":{"allow":["GET"]}}],"collection":[{"href":"https:\/\/eldiariodesanpedro.com.ar\/sitio\/wp-json\/wp\/v2\/posts"}],"about":[{"href":"https:\/\/eldiariodesanpedro.com.ar\/sitio\/wp-json\/wp\/v2\/types\/post"}],"author":[{"embeddable":true,"href":"https:\/\/eldiariodesanpedro.com.ar\/sitio\/wp-json\/wp\/v2\/users\/4"}],"replies":[{"embeddable":true,"href":"https:\/\/eldiariodesanpedro.com.ar\/sitio\/wp-json\/wp\/v2\/comments?post=48359"}],"version-history":[{"count":1,"href":"https:\/\/eldiariodesanpedro.com.ar\/sitio\/wp-json\/wp\/v2\/posts\/48359\/revisions"}],"predecessor-version":[{"id":48363,"href":"https:\/\/eldiariodesanpedro.com.ar\/sitio\/wp-json\/wp\/v2\/posts\/48359\/revisions\/48363"}],"wp:featuredmedia":[{"embeddable":true,"href":"https:\/\/eldiariodesanpedro.com.ar\/sitio\/wp-json\/wp\/v2\/media\/48362"}],"wp:attachment":[{"href":"https:\/\/eldiariodesanpedro.com.ar\/sitio\/wp-json\/wp\/v2\/media?parent=48359"}],"wp:term":[{"taxonomy":"category","embeddable":true,"href":"https:\/\/eldiariodesanpedro.com.ar\/sitio\/wp-json\/wp\/v2\/categories?post=48359"},{"taxonomy":"post_tag","embeddable":true,"href":"https:\/\/eldiariodesanpedro.com.ar\/sitio\/wp-json\/wp\/v2\/tags?post=48359"}],"curies":[{"name":"wp","href":"https:\/\/api.w.org\/{rel}","templated":true}]}}