{"id":48356,"date":"2019-02-28T09:18:37","date_gmt":"2019-02-28T12:18:37","guid":{"rendered":"https:\/\/eldiariodesanpedro.com.ar\/sitio\/?p=48356"},"modified":"2026-01-23T23:20:20","modified_gmt":"2026-01-24T02:20:20","slug":"no-empiezan-las-clases-habra-paro-docente-6-7-y-8-de-marzo","status":"publish","type":"post","link":"https:\/\/eldiariodesanpedro.com.ar\/sitio\/no-empiezan-las-clases-habra-paro-docente-6-7-y-8-de-marzo\/","title":{"rendered":"No empiezan las clases: habr\u00e1 paro docente 6, 7 y 8 de marzo"},"content":{"rendered":"<!-- VideographyWP Plugin Message: Automatic video embedding prevented by plugin options. -->\n\n<p>Los\u00a0docentes de la provincia lanzaron un paro de 48 horas que abarca mi\u00e9rcoles y jueves; mientras que confirmaron que se sumar\u00e1n a la jornada de paro nacional el viernes 8.<\/p>\n\n\n\n<p>Este mi\u00e9rcoles por la tarde, al t\u00e9rmino de la Asamblea Provincial, Sonia Alesso, titular de Amsafe confirm\u00f3 a los medios la medida de fuerza que se adoptar\u00e1.<\/p>\n\n\n\n<p>Los maestros de la provincia votaron de forma contundente para realizar el reclamo. La medida fue aprobada por&nbsp;29.800 votos (total de votos 30.100). Adem\u00e1s, se decidi\u00f3 que las semanas siguientes se continuar\u00e1 con el plan de lucha si no hay convocatoria a paritarias por parte del gobierno. El paro se realizar\u00eda&nbsp;12 y 13 de marzo.<\/p>\n\n\n\n<p>Como parte del plan de lucha estipulado, habr\u00e1 una serie de movilizaciones:\u00a0a Buenos Aires el 6 de marzo, acciones locales y movilizaci\u00f3n provincial  para la segunda semana.<\/p>\n\n\n\n<p>A trav\u00e9s de una pag oficial de uno de los gremios los docentes dejaron en claro sus exigencias:<\/p>\n\n\n\n<ul class=\"wp-block-list\"><li><em>Aumento salarial para activos y pasivos<\/em><\/li><li><em>Respeto a las relaciones salariales entre cargos, jerarqu\u00edas y horas de c\u00e1tedra<\/em><\/li><li><em>Salarios acordes al aumento de las tarifas y el costo de la canasta familiar<\/em><\/li><li><em>Urgente pago del proporcional de vacaciones a reemplazantes<\/em><\/li><li><em>Urgente pago de la deuda de material did\u00e1ctico<\/em><\/li><li><em>Derogaci\u00f3n de la 4ta categor\u00eda del Impuesto a las ganancias. El salario no es ganancia<\/em><\/li><li><em>Transporte gratuito para docentes de toda la provincia<\/em><\/li><li><em>Aumento urgente de partidas de comedor y copa de leche. Pago de copa de leche a escuelas en contexto de encierro y a CAEBA<\/em><\/li><li><em>Aumento urgente de las asignaciones familiares<\/em><\/li><li><em>Pago de vi\u00e1ticos a supervisores<\/em><\/li><li><em>Reconocimiento de telefon\u00eda celular para escuelas que no cuenten con tel\u00e9fono fijo y para supervisores<\/em><\/li><li><em>No al recorte de las pr\u00e1cticas m\u00e9dicas y prestaciones de servicio de IAPOS<\/em><\/li><li><em>Modificaci\u00f3n de los aportes al IAPOS que realizan los jubilados, equipar\u00e1ndolo al de los activos<\/em><\/li><li><em>Cobertura prestacional de IAPOS para los reemplazantes y su grupo familiar<\/em><\/li><li><em>No al recorte en salud. No a la \u201ctablita\u201d. Promover la prevenci\u00f3n y promoci\u00f3n de la salud, auditor\u00edas y juntas m\u00e9dicas. La auditor\u00eda debe ser fehaciente (reformulaci\u00f3n de la resoluci\u00f3n 1150\/12)<\/em><\/li><li><em>Convocatoria urgente al Comit\u00e9 Mixto para el tratamiento de infraestructura escolar, salud, elementos de seguridad necesarios, etc.<\/em><\/li><li><em>Exigir la implementaci\u00f3n de los protocolos acordados en paritaria sobre escuela en obra y evacuaci\u00f3n de escuelas fumigadas<\/em><\/li><li><em>Implementaci\u00f3n de ESI en todas las escuelas. Sanci\u00f3n de la Ley Provincial de Educaci\u00f3n Sexual Integral<\/em><\/li><li><em>Jornadas Institucionales por la No Violencia hacia las mujeres<\/em><\/li><li><em>Creaci\u00f3n de cargos y horas c\u00e1tedra en todos los niveles y modalidades<\/em><\/li><li><em>Discusi\u00f3n de la Reforma Org\u00e1nica y Acad\u00e9mica de la Educaci\u00f3n Secundaria, incluyendo las problem\u00e1ticas de sobrecarga de tareas a Directivos y la situaci\u00f3n de ATD, preceptores y Catedr\u00e1ticos en general entre otros temas<\/em><\/li><li><em>Pago inmediato a los\/as compa\u00f1eros\/as de la Red de Escuelas Orquestas y que articule los medios para la carga de las horas que prometieron en acuerdo paritario<\/em><\/li><li><em>Exigir que el Ministerio de Educaci\u00f3n cumpla con lo acordado en paritaria 2018 la disposici\u00f3n que efectiviza la incorporaci\u00f3n de los docentes Suplentes al escalaf\u00f3n interno de horas c\u00e1tedra en las escuelas de educaci\u00f3n art\u00edstica<\/em><\/li><li><em>Traspaso del Ministerio de Salud a educaci\u00f3n de las escuelas de enfermer\u00eda, y titularizaci\u00f3n de sus docentes<\/em><\/li><li><em>Creaci\u00f3n de la figura de coordinador y\/o supervisor de los equipos interdisciplinarios de la modalidad especial, que garantice la carrera de ascenso en el sistema educativo<\/em><\/li><li><em>Concreci\u00f3n de los concursos pendientes.<\/em><\/li><li><\/li><\/ul>\n\n\n\n<p>FUENTE: TN Noticias<\/p>\n","protected":false},"excerpt":{"rendered":"<p>Los\u00a0docentes de la provincia lanzaron un paro de 48 horas que abarca mi\u00e9rcoles y jueves; mientras que confirmaron que se sumar\u00e1n a la jornada de paro nacional el viernes 8. Este mi\u00e9rcoles por la tarde, al t\u00e9rmino de la Asamblea Provincial, Sonia Alesso, titular de Amsafe confirm\u00f3 a los medios la medida de fuerza que [&hellip;]<\/p>\n","protected":false},"author":4,"featured_media":48357,"comment_status":"open","ping_status":"closed","sticky":false,"template":"","format":"standard","meta":{"om_disable_all_campaigns":false,"_jetpack_memberships_contains_paid_content":false,"footnotes":""},"categories":[3],"tags":[],"class_list":["post-48356","post","type-post","status-publish","format-standard","has-post-thumbnail","hentry","category-nacionales"],"aioseo_notices":[],"gutentor_comment":0,"jetpack_featured_media_url":"https:\/\/eldiariodesanpedro.com.ar\/sitio\/wp-content\/uploads\/2019\/02\/Aula-Vac\u00eda-Paro-Docente.jpg","jetpack_shortlink":"https:\/\/wp.me\/p6RhLt-czW","jetpack_sharing_enabled":true,"_links":{"self":[{"href":"https:\/\/eldiariodesanpedro.com.ar\/sitio\/wp-json\/wp\/v2\/posts\/48356","targetHints":{"allow":["GET"]}}],"collection":[{"href":"https:\/\/eldiariodesanpedro.com.ar\/sitio\/wp-json\/wp\/v2\/posts"}],"about":[{"href":"https:\/\/eldiariodesanpedro.com.ar\/sitio\/wp-json\/wp\/v2\/types\/post"}],"author":[{"embeddable":true,"href":"https:\/\/eldiariodesanpedro.com.ar\/sitio\/wp-json\/wp\/v2\/users\/4"}],"replies":[{"embeddable":true,"href":"https:\/\/eldiariodesanpedro.com.ar\/sitio\/wp-json\/wp\/v2\/comments?post=48356"}],"version-history":[{"count":1,"href":"https:\/\/eldiariodesanpedro.com.ar\/sitio\/wp-json\/wp\/v2\/posts\/48356\/revisions"}],"predecessor-version":[{"id":48358,"href":"https:\/\/eldiariodesanpedro.com.ar\/sitio\/wp-json\/wp\/v2\/posts\/48356\/revisions\/48358"}],"wp:featuredmedia":[{"embeddable":true,"href":"https:\/\/eldiariodesanpedro.com.ar\/sitio\/wp-json\/wp\/v2\/media\/48357"}],"wp:attachment":[{"href":"https:\/\/eldiariodesanpedro.com.ar\/sitio\/wp-json\/wp\/v2\/media?parent=48356"}],"wp:term":[{"taxonomy":"category","embeddable":true,"href":"https:\/\/eldiariodesanpedro.com.ar\/sitio\/wp-json\/wp\/v2\/categories?post=48356"},{"taxonomy":"post_tag","embeddable":true,"href":"https:\/\/eldiariodesanpedro.com.ar\/sitio\/wp-json\/wp\/v2\/tags?post=48356"}],"curies":[{"name":"wp","href":"https:\/\/api.w.org\/{rel}","templated":true}]}}