{"id":48351,"date":"2019-02-28T09:05:02","date_gmt":"2019-02-28T12:05:02","guid":{"rendered":"https:\/\/eldiariodesanpedro.com.ar\/sitio\/?p=48351"},"modified":"2019-02-28T09:05:13","modified_gmt":"2019-02-28T12:05:13","slug":"vuelve-la-feria-el-9-de-marzo","status":"publish","type":"post","link":"https:\/\/eldiariodesanpedro.com.ar\/sitio\/vuelve-la-feria-el-9-de-marzo\/","title":{"rendered":"Vuelve la feria el 9 de marzo!"},"content":{"rendered":"<!-- VideographyWP Plugin Message: Automatic video embedding prevented by plugin options. -->\n\n<p>Con una propuesta que contempla 6 ediciones para 2019, la Asociaci\u00f3n Civil \u201cFrutos de la tierra y el r\u00edo\u201d inaugurar\u00e1 el s\u00e9ptimo a\u00f1o consecutivo frente a la Plaza Constituci\u00f3n. <\/p>\n\n\n\n<p>Habr\u00e1 corte de cintas, presentaci\u00f3n de la temporada 2019 de la Batata Ipomea con una nueva variedad y acompa\u00f1amiento todo el d\u00eda de 10 a 19 hs con asesoramiento t\u00e9cnico sobre separaci\u00f3n de residuos domiciliario y t\u00e9cnicas de compostaje. <\/p>\n\n\n\n<p>Ser\u00e1 la 26va feria desde que en 2013 comenz\u00f3 la propuesta y este a\u00f1o suma una edici\u00f3n m\u00e1s programada. Hasta ahora hay confirmados 15 productores, entre los que se incluyen las tradicionales hortalizas producidas de manera convencional, y tambi\u00e9n aquellas en las que no ha intervenido ning\u00fan tipo de agroqu\u00edmico, as\u00ed como los plantines, plantas, cactus y crasas a elecci\u00f3n. <\/p>\n\n\n\n<p>Habr\u00e1 dulces en frasco, s\u00f3lidos, confituras, miel y sus derivados como polen y prop\u00f3leos. Tambi\u00e9n huevos, compost, tejidos y pescado fresco. A las 11 se har\u00e1 el corte de cintas de este a\u00f1o, con breves palabras de los responsables de la feria y autoridades invitadas. <\/p>\n\n\n\n<p>A las 11.30 el grupo de productores que lleva adelante la experiencia Ipomea, lanzar\u00e1 formalmente el inicio de su nueva campa\u00f1a, presentando una nueva variedad a la oferta que tuvieron los a\u00f1os anteriores. Se trata de Boni INTA, un cultivar de pulpa naranja, textura semi h\u00fameda y piel un poco m\u00e1s resistente que la tradicional Beauregard, que disputa con Morada INTA los primeros lugares en las degustaciones. Esta variedad fue registrada hace apenas 2 a\u00f1os y por lo que reci\u00e9n este a\u00f1o tras una multiplicaci\u00f3n importante implementada por estos productores, est\u00e1 pudiendo llegar al mercado.<\/p>\n\n\n\n<p>Adem\u00e1s, durante todo el d\u00eda habr\u00e1 montado un stand conjunto de Conciencia Ecol\u00f3gica y el Programa Prohuerta, con el foco puesto en el reciclado de residuos domiciliarios y la preparaci\u00f3n del compost. Los visitantes podr\u00e1n acercar sus residuos reutilizables como pl\u00e1stico, vidrio, lata y papel, as\u00ed como conversar sobre el m\u00e9todo de separaci\u00f3n y los beneficios de producir el propio compost. <\/p>\n\n\n\n<figure class=\"wp-block-image\"><img decoding=\"async\" width=\"960\" height=\"960\" data-attachment-id=\"48352\" data-permalink=\"https:\/\/eldiariodesanpedro.com.ar\/sitio\/vuelve-la-feria-el-9-de-marzo\/53172803_1432311433572102_2898923910563102720_n\/\" data-orig-file=\"https:\/\/eldiariodesanpedro.com.ar\/sitio\/wp-content\/uploads\/2019\/02\/53172803_1432311433572102_2898923910563102720_n.jpg\" data-orig-size=\"960,960\" data-comments-opened=\"1\" data-image-meta=\"{&quot;aperture&quot;:&quot;0&quot;,&quot;credit&quot;:&quot;&quot;,&quot;camera&quot;:&quot;&quot;,&quot;caption&quot;:&quot;&quot;,&quot;created_timestamp&quot;:&quot;0&quot;,&quot;copyright&quot;:&quot;&quot;,&quot;focal_length&quot;:&quot;0&quot;,&quot;iso&quot;:&quot;0&quot;,&quot;shutter_speed&quot;:&quot;0&quot;,&quot;title&quot;:&quot;&quot;,&quot;orientation&quot;:&quot;0&quot;}\" data-image-title=\"53172803_1432311433572102_2898923910563102720_n\" data-image-description=\"\" data-image-caption=\"\" data-large-file=\"https:\/\/eldiariodesanpedro.com.ar\/sitio\/wp-content\/uploads\/2019\/02\/53172803_1432311433572102_2898923910563102720_n.jpg\" data-src=\"https:\/\/eldiariodesanpedro.com.ar\/sitio\/wp-content\/uploads\/2019\/02\/53172803_1432311433572102_2898923910563102720_n.jpg\" alt=\"\" class=\"wp-image-48352 lazyload\" data-srcset=\"https:\/\/eldiariodesanpedro.com.ar\/sitio\/wp-content\/uploads\/2019\/02\/53172803_1432311433572102_2898923910563102720_n.jpg 960w, https:\/\/eldiariodesanpedro.com.ar\/sitio\/wp-content\/uploads\/2019\/02\/53172803_1432311433572102_2898923910563102720_n-150x150.jpg 150w, https:\/\/eldiariodesanpedro.com.ar\/sitio\/wp-content\/uploads\/2019\/02\/53172803_1432311433572102_2898923910563102720_n-300x300.jpg 300w, https:\/\/eldiariodesanpedro.com.ar\/sitio\/wp-content\/uploads\/2019\/02\/53172803_1432311433572102_2898923910563102720_n-768x768.jpg 768w\" data-sizes=\"(max-width: 960px) 100vw, 960px\" src=\"data:image\/svg+xml;base64,PHN2ZyB3aWR0aD0iMSIgaGVpZ2h0PSIxIiB4bWxucz0iaHR0cDovL3d3dy53My5vcmcvMjAwMC9zdmciPjwvc3ZnPg==\" style=\"--smush-placeholder-width: 960px; --smush-placeholder-aspect-ratio: 960\/960;\" \/><\/figure>\n","protected":false},"excerpt":{"rendered":"<p>Con una propuesta que contempla 6 ediciones para 2019, la Asociaci\u00f3n Civil \u201cFrutos de la tierra y el r\u00edo\u201d inaugurar\u00e1 el s\u00e9ptimo a\u00f1o consecutivo frente a la Plaza Constituci\u00f3n. Habr\u00e1 corte de cintas, presentaci\u00f3n de la temporada 2019 de la Batata Ipomea con una nueva variedad y acompa\u00f1amiento todo el d\u00eda de 10 a 19 [&hellip;]<\/p>\n","protected":false},"author":4,"featured_media":48354,"comment_status":"open","ping_status":"closed","sticky":false,"template":"","format":"standard","meta":{"om_disable_all_campaigns":false,"_jetpack_memberships_contains_paid_content":false,"footnotes":""},"categories":[50,101,2],"tags":[],"class_list":["post-48351","post","type-post","status-publish","format-standard","has-post-thumbnail","hentry","category-destacadas","category-interes-general-locales","category-locales"],"aioseo_notices":[],"gutentor_comment":0,"jetpack_featured_media_url":"https:\/\/eldiariodesanpedro.com.ar\/sitio\/wp-content\/uploads\/2019\/02\/45302306_1346114748858438_4442989109018886144_n.jpg","jetpack_shortlink":"https:\/\/wp.me\/p6RhLt-czR","jetpack_sharing_enabled":true,"_links":{"self":[{"href":"https:\/\/eldiariodesanpedro.com.ar\/sitio\/wp-json\/wp\/v2\/posts\/48351","targetHints":{"allow":["GET"]}}],"collection":[{"href":"https:\/\/eldiariodesanpedro.com.ar\/sitio\/wp-json\/wp\/v2\/posts"}],"about":[{"href":"https:\/\/eldiariodesanpedro.com.ar\/sitio\/wp-json\/wp\/v2\/types\/post"}],"author":[{"embeddable":true,"href":"https:\/\/eldiariodesanpedro.com.ar\/sitio\/wp-json\/wp\/v2\/users\/4"}],"replies":[{"embeddable":true,"href":"https:\/\/eldiariodesanpedro.com.ar\/sitio\/wp-json\/wp\/v2\/comments?post=48351"}],"version-history":[{"count":1,"href":"https:\/\/eldiariodesanpedro.com.ar\/sitio\/wp-json\/wp\/v2\/posts\/48351\/revisions"}],"predecessor-version":[{"id":48355,"href":"https:\/\/eldiariodesanpedro.com.ar\/sitio\/wp-json\/wp\/v2\/posts\/48351\/revisions\/48355"}],"wp:featuredmedia":[{"embeddable":true,"href":"https:\/\/eldiariodesanpedro.com.ar\/sitio\/wp-json\/wp\/v2\/media\/48354"}],"wp:attachment":[{"href":"https:\/\/eldiariodesanpedro.com.ar\/sitio\/wp-json\/wp\/v2\/media?parent=48351"}],"wp:term":[{"taxonomy":"category","embeddable":true,"href":"https:\/\/eldiariodesanpedro.com.ar\/sitio\/wp-json\/wp\/v2\/categories?post=48351"},{"taxonomy":"post_tag","embeddable":true,"href":"https:\/\/eldiariodesanpedro.com.ar\/sitio\/wp-json\/wp\/v2\/tags?post=48351"}],"curies":[{"name":"wp","href":"https:\/\/api.w.org\/{rel}","templated":true}]}}