{"id":48333,"date":"2019-02-27T12:30:36","date_gmt":"2019-02-27T15:30:36","guid":{"rendered":"https:\/\/eldiariodesanpedro.com.ar\/sitio\/?p=48333"},"modified":"2019-02-27T12:30:47","modified_gmt":"2019-02-27T15:30:47","slug":"se-presento-oficialmente-el-campus-de-basquetbol-en-el-club-nautico-san-pedro","status":"publish","type":"post","link":"https:\/\/eldiariodesanpedro.com.ar\/sitio\/se-presento-oficialmente-el-campus-de-basquetbol-en-el-club-nautico-san-pedro\/","title":{"rendered":"Se present\u00f3 oficialmente el Campus de B\u00e1squetbol en el Club N\u00e1utico San Pedro"},"content":{"rendered":"<!-- VideographyWP Plugin Message: Automatic video embedding prevented by plugin options. -->\n\n<p> Con la presencia de los entrenadores Milan Mandaric y Ezequiel Lavayen, el ex jugador de la selecci\u00f3n nacional y actual responsable de la empresa Sport Magic, Gabriel Darr\u00e1s, miembros de la Comisi\u00f3n Directiva, Direcci\u00f3n de Deportes y Subcomisi\u00f3n de B\u00e1squetbol del Club y la Direcci\u00f3n de Deportes de la Municipalidad, se realiz\u00f3 en la ma\u00f1ana de este martes la presentaci\u00f3n de las actividades que tendr\u00e1n lugar desde ma\u00f1ana en el N\u00e1utico. El Campus de Entrenamiento se extender\u00e1 durante dos jornadas con m\u00e1s de 70 inscriptos de todo el pa\u00eds de entre 13 y 19 a\u00f1os. <\/p>\n\n\n\n<p>Adem\u00e1s esta tarde a las 20, en el Sal\u00f3n Dorado de la Municipalidad se ofrecer\u00e1 una charla abierta a entrenadores y deportistas interesados en el tema. Para el Club N\u00e1utico constituye un gran acontecimiento poder organizar un evento de estas caracter\u00edsticas y adem\u00e1s poder compartir la experiencia y los conocimientos de quienes dictar\u00e1n el encuentro, con una charla que podr\u00e1 ser muy \u00fatil para todos los que concurran. <\/p>\n\n\n\n<iframe data-src=\"https:\/\/www.facebook.com\/plugins\/post.php?href=https%3A%2F%2Fwww.facebook.com%2Fmiclubnauticosanpedro%2Fposts%2F1232652780219069&#038;width=500\" width=\"500\" height=\"789\" style=\"border:none;overflow:hidden\" scrolling=\"no\" frameborder=\"0\" allowTransparency=\"true\" allow=\"encrypted-media\" src=\"data:image\/svg+xml;base64,PHN2ZyB3aWR0aD0iMSIgaGVpZ2h0PSIxIiB4bWxucz0iaHR0cDovL3d3dy53My5vcmcvMjAwMC9zdmciPjwvc3ZnPg==\" class=\"lazyload\" data-load-mode=\"1\"><\/iframe>\n","protected":false},"excerpt":{"rendered":"<p>Con la presencia de los entrenadores Milan Mandaric y Ezequiel Lavayen, el ex jugador de la selecci\u00f3n nacional y actual responsable de la empresa Sport Magic, Gabriel Darr\u00e1s, miembros de la Comisi\u00f3n Directiva, Direcci\u00f3n de Deportes y Subcomisi\u00f3n de B\u00e1squetbol del Club y la Direcci\u00f3n de Deportes de la Municipalidad, se realiz\u00f3 en la ma\u00f1ana [&hellip;]<\/p>\n","protected":false},"author":4,"featured_media":48334,"comment_status":"open","ping_status":"closed","sticky":false,"template":"","format":"standard","meta":{"om_disable_all_campaigns":false,"_jetpack_memberships_contains_paid_content":false,"footnotes":""},"categories":[101,2],"tags":[],"class_list":["post-48333","post","type-post","status-publish","format-standard","has-post-thumbnail","hentry","category-interes-general-locales","category-locales"],"aioseo_notices":[],"gutentor_comment":0,"jetpack_featured_media_url":"https:\/\/eldiariodesanpedro.com.ar\/sitio\/wp-content\/uploads\/2019\/02\/52977023_1232652673552413_3309555696395091968_o.jpg","jetpack_shortlink":"https:\/\/wp.me\/p6RhLt-czz","jetpack_sharing_enabled":true,"_links":{"self":[{"href":"https:\/\/eldiariodesanpedro.com.ar\/sitio\/wp-json\/wp\/v2\/posts\/48333","targetHints":{"allow":["GET"]}}],"collection":[{"href":"https:\/\/eldiariodesanpedro.com.ar\/sitio\/wp-json\/wp\/v2\/posts"}],"about":[{"href":"https:\/\/eldiariodesanpedro.com.ar\/sitio\/wp-json\/wp\/v2\/types\/post"}],"author":[{"embeddable":true,"href":"https:\/\/eldiariodesanpedro.com.ar\/sitio\/wp-json\/wp\/v2\/users\/4"}],"replies":[{"embeddable":true,"href":"https:\/\/eldiariodesanpedro.com.ar\/sitio\/wp-json\/wp\/v2\/comments?post=48333"}],"version-history":[{"count":1,"href":"https:\/\/eldiariodesanpedro.com.ar\/sitio\/wp-json\/wp\/v2\/posts\/48333\/revisions"}],"predecessor-version":[{"id":48335,"href":"https:\/\/eldiariodesanpedro.com.ar\/sitio\/wp-json\/wp\/v2\/posts\/48333\/revisions\/48335"}],"wp:featuredmedia":[{"embeddable":true,"href":"https:\/\/eldiariodesanpedro.com.ar\/sitio\/wp-json\/wp\/v2\/media\/48334"}],"wp:attachment":[{"href":"https:\/\/eldiariodesanpedro.com.ar\/sitio\/wp-json\/wp\/v2\/media?parent=48333"}],"wp:term":[{"taxonomy":"category","embeddable":true,"href":"https:\/\/eldiariodesanpedro.com.ar\/sitio\/wp-json\/wp\/v2\/categories?post=48333"},{"taxonomy":"post_tag","embeddable":true,"href":"https:\/\/eldiariodesanpedro.com.ar\/sitio\/wp-json\/wp\/v2\/tags?post=48333"}],"curies":[{"name":"wp","href":"https:\/\/api.w.org\/{rel}","templated":true}]}}