{"id":48326,"date":"2019-02-27T11:08:02","date_gmt":"2019-02-27T14:08:02","guid":{"rendered":"https:\/\/eldiariodesanpedro.com.ar\/sitio\/?p=48326"},"modified":"2019-02-27T11:08:14","modified_gmt":"2019-02-27T14:08:14","slug":"zarate-comunicado-de-suteba-no-al-cierre-de-cursos-en-el-ex-industrial","status":"publish","type":"post","link":"https:\/\/eldiariodesanpedro.com.ar\/sitio\/zarate-comunicado-de-suteba-no-al-cierre-de-cursos-en-el-ex-industrial\/","title":{"rendered":"Z\u00c1RATE: Comunicado de SUTEBA: \u201cNo al cierre de cursos en el ex Industrial\u201d"},"content":{"rendered":"<!-- VideographyWP Plugin Message: Automatic video embedding prevented by plugin options. -->\n\n<p>Desde la seccional local, el gremio expres\u00f3 su rechazo al intento de cierre de seis cursos que se dictan actualmente en la EEST N\u00b01. Al respecto, planean llevar a cabo un plan de lucha.&nbsp;<\/p>\n\n\n\n<p>\u201cEn diciembre de SUTEBA llevamos adelante una reuni\u00f3n con una treintena de docentes en las instalaciones del Industrial. Luego de debatir, decidimos rechazar el cierre de cursos y elaboramos un plan de lucha con presentaciones, juntada de firmas y acciones p\u00fablicas. El argumento para el cierre por parte de las autoridades educativas es la escasa matricula en los cursos observados. En principio, en los \u00faltimos dos a\u00f1os, la docencia jam\u00e1s fue notificada de la observaci\u00f3n de esos cursos.<\/p>\n\n\n\n<p>Asimismo la docencia est\u00e1 dispuesta a elaborar un plan de retenci\u00f3n de matr\u00edcula que permita contener al alumnado actual e incrementar la inscripci\u00f3n de futuros estudiantes. Desde SUTEBA sostenemos que la ca\u00edda de la matr\u00edcula es consecuencia del plan de ajuste que llevan adelante los gobiernos de Macri y Vidal.<\/p>\n\n\n\n<p>M\u00e1s de 60 familias solicitaron el pase de alumnos y alumnas a otras instituciones durante el periodo, de m\u00e1s de un mes, de suspensi\u00f3n de clases del a\u00f1o pasado. Ello fue consecuencia de la decisi\u00f3n pol\u00edtica del Maria Eugenia Vidal y Sanchez Zinny de disolver la Unidad Ejecutora Provincial que dejo un tendal de casi 250 millones de pesos en obras suspendidas a fines de 2017.<\/p>\n\n\n\n<p>Desde SUTEBA denunciamos la situaci\u00f3n de irregularidad de la obra desde el 2017. Sin embargo, el gobierno y los legisladores de Cambiemos, Sandra Paris y Matias Ranzini, como de sus consejeros y concejales, quienes militan la selfie en los ministerios de educaci\u00f3n, pero que no resuelven ni la construcci\u00f3n de un aula, mintieron una y otra vez, o directamente ni se ocuparon del tema.<\/p>\n\n\n\n<p>La otra raz\u00f3n es la pol\u00edtica econ\u00f3mica de la Alianza UCR-Cambiemos que desmantela el aparato productivo y energ\u00e9tico nacional cuya consecuencia la vivimos la comunidad zarate\u00f1a y lime\u00f1a en forma brutal. \u00bfPara qu\u00e9 financiar, promocionar y sostener la educaci\u00f3n t\u00e9cnica en un pa\u00eds sin industrias?<\/p>\n\n\n\n<p>\u00bfPara qu\u00e9 formar mano de obra calificada si se afianza un modelo exportador de productos agr\u00edcolas-ganaderos (poca mano de obra y sin calificaci\u00f3n) y la timba financiera? \u00bfPara qu\u00e9 invertir en la educaci\u00f3n p\u00fablica si se intenta privatizarla, entregando nuestra soberan\u00eda educativa a la Fundacion Barkey y Cimientos o a la empresa Pearson?<\/p>\n\n\n\n<p>Convocamos a la movilizaci\u00f3n constante y unitaria del conjunto de la docencia, el estudiantado y las familias a estar alertas para defender la educaci\u00f3n p\u00fablica.<\/p>\n\n\n\n<p>Exigimos a las autoridades educativas:<\/p>\n\n\n\n<ul class=\"wp-block-list\"><li>Finalizaci\u00f3n de las obras. Reparaci\u00f3n de los techos.<\/li><li>Asistencia alimentaria por parte de la DGCyE para los casi 100 alumnos y alumnas que actualmente almuerzan en la cantina con la colaboraci\u00f3n de la Cooperadora Escolar.<\/li><li>No al cierre de cursos. Si a la recuperaci\u00f3n de espacios pedag\u00f3gicos en el edificio. Reparaci\u00f3n y acondicionamiento de preceptorias y aulas.<\/li><li>Reparaci\u00f3n urgente de los talleres. Provisi\u00f3n de maquinarias y herramientas.<\/li><\/ul>\n\n\n\n<p>La educaci\u00f3n est\u00e1 en peligro. La educaci\u00f3n es un derecho, no una mercanc\u00eda\u201d.<\/p>\n","protected":false},"excerpt":{"rendered":"<p>Desde la seccional local, el gremio expres\u00f3 su rechazo al intento de cierre de seis cursos que se dictan actualmente en la EEST N\u00b01. Al respecto, planean llevar a cabo un plan de lucha.&nbsp; \u201cEn diciembre de SUTEBA llevamos adelante una reuni\u00f3n con una treintena de docentes en las instalaciones del Industrial. Luego de debatir, [&hellip;]<\/p>\n","protected":false},"author":4,"featured_media":48327,"comment_status":"open","ping_status":"closed","sticky":false,"template":"","format":"standard","meta":{"om_disable_all_campaigns":false,"_jetpack_memberships_contains_paid_content":false,"footnotes":""},"categories":[621],"tags":[],"class_list":["post-48326","post","type-post","status-publish","format-standard","has-post-thumbnail","hentry","category-regionales"],"aioseo_notices":[],"gutentor_comment":0,"jetpack_featured_media_url":"https:\/\/eldiariodesanpedro.com.ar\/sitio\/wp-content\/uploads\/2019\/02\/Colegio-Industrial.png","jetpack_shortlink":"https:\/\/wp.me\/p6RhLt-czs","jetpack_sharing_enabled":true,"_links":{"self":[{"href":"https:\/\/eldiariodesanpedro.com.ar\/sitio\/wp-json\/wp\/v2\/posts\/48326","targetHints":{"allow":["GET"]}}],"collection":[{"href":"https:\/\/eldiariodesanpedro.com.ar\/sitio\/wp-json\/wp\/v2\/posts"}],"about":[{"href":"https:\/\/eldiariodesanpedro.com.ar\/sitio\/wp-json\/wp\/v2\/types\/post"}],"author":[{"embeddable":true,"href":"https:\/\/eldiariodesanpedro.com.ar\/sitio\/wp-json\/wp\/v2\/users\/4"}],"replies":[{"embeddable":true,"href":"https:\/\/eldiariodesanpedro.com.ar\/sitio\/wp-json\/wp\/v2\/comments?post=48326"}],"version-history":[{"count":1,"href":"https:\/\/eldiariodesanpedro.com.ar\/sitio\/wp-json\/wp\/v2\/posts\/48326\/revisions"}],"predecessor-version":[{"id":48328,"href":"https:\/\/eldiariodesanpedro.com.ar\/sitio\/wp-json\/wp\/v2\/posts\/48326\/revisions\/48328"}],"wp:featuredmedia":[{"embeddable":true,"href":"https:\/\/eldiariodesanpedro.com.ar\/sitio\/wp-json\/wp\/v2\/media\/48327"}],"wp:attachment":[{"href":"https:\/\/eldiariodesanpedro.com.ar\/sitio\/wp-json\/wp\/v2\/media?parent=48326"}],"wp:term":[{"taxonomy":"category","embeddable":true,"href":"https:\/\/eldiariodesanpedro.com.ar\/sitio\/wp-json\/wp\/v2\/categories?post=48326"},{"taxonomy":"post_tag","embeddable":true,"href":"https:\/\/eldiariodesanpedro.com.ar\/sitio\/wp-json\/wp\/v2\/tags?post=48326"}],"curies":[{"name":"wp","href":"https:\/\/api.w.org\/{rel}","templated":true}]}}