{"id":48322,"date":"2019-02-27T11:02:50","date_gmt":"2019-02-27T14:02:50","guid":{"rendered":"https:\/\/eldiariodesanpedro.com.ar\/sitio\/?p=48322"},"modified":"2019-02-27T11:06:06","modified_gmt":"2019-02-27T14:06:06","slug":"zarate-vecinos-denuncian-ola-de-robos-en-barrio-zarate","status":"publish","type":"post","link":"https:\/\/eldiariodesanpedro.com.ar\/sitio\/zarate-vecinos-denuncian-ola-de-robos-en-barrio-zarate\/","title":{"rendered":"Z\u00c1RATE: Vecinos denuncian ola de robos en Barrio Z\u00e1rate"},"content":{"rendered":"<!-- VideographyWP Plugin Message: Automatic video embedding prevented by plugin options. -->\n\n<p>La noticia no es nueva, desde hace a\u00f1os los residentes de la zona reclaman por mayor presencia policial e instalaci\u00f3n de c\u00e1maras de seguridad. Pese a la insistencia, dicen que sus denuncias \u00abparecen ser ignoradas\u00bb, porque registran al menos tres robos al dia.&nbsp;<\/p>\n\n\n\n<p>\u201cYa me cans\u00e9 de hacer la denuncia, llamo a la Policia porque veo una moto dar cinco vueltas a la manzana en menos de 10 minutos y nunca vienen\u201d, expresa Amelia Garrone, desde&nbsp;Larrea y Calle 4.<\/p>\n\n\n\n<p>La vecina, comenta que la semana pasada un grupo de j\u00f3venes delincuentes intent\u00f3 ingresar al hogar de una familia: \u201cles empujaron la puerta y ellos sosten\u00edan desde adentro, mientras les decian que abran porque los iban a matar a todos, incluido al beb\u00e9\u201d. Ante el silencio de las autoridades, decidieron entre todos armar un grupo de Whatssap para advertir sobre sujetos con \u201cactitud sospechosa\u201d que merodeen el barrio.<\/p>\n\n\n\n<p>Alertan que las zonas m\u00e1s inseguras son la plaza de Marcos Sastre y Laprida, \u201cpor la cantidad de chicos que se drogan\u201d. Ra\u00fal Godoy, due\u00f1o de un kiosco en el lugar, se\u00f1ala como \u201cculpables\u201d de los hechos delictivos a los habitantes \u201cde un asentamiento en Almafuerte y Pacheco\u201d.<\/p>\n\n\n\n<p>\u201cLabure toda mi vida en el kiosquito y ahora pienso en trabajar de otra cosa, porque por defender 2 mangos me van a terminar matando\u201d, se\u00f1ala el comerciante local.\u00a0Para finalizar, pidieron que pasen m\u00e1s seguido los patrulleros \u201cporque hasta el momento no aparecen y ac\u00e1 pagamos nuestros impuestos\u201d.<\/p>\n\n\n\n<p>Fuente:  Zarate Alerta<\/p>\n","protected":false},"excerpt":{"rendered":"<p>La noticia no es nueva, desde hace a\u00f1os los residentes de la zona reclaman por mayor presencia policial e instalaci\u00f3n de c\u00e1maras de seguridad. Pese a la insistencia, dicen que sus denuncias \u00abparecen ser ignoradas\u00bb, porque registran al menos tres robos al dia.&nbsp; \u201cYa me cans\u00e9 de hacer la denuncia, llamo a la Policia porque [&hellip;]<\/p>\n","protected":false},"author":4,"featured_media":48323,"comment_status":"open","ping_status":"closed","sticky":false,"template":"","format":"standard","meta":{"om_disable_all_campaigns":false,"_jetpack_memberships_contains_paid_content":false,"footnotes":""},"categories":[621],"tags":[],"class_list":["post-48322","post","type-post","status-publish","format-standard","has-post-thumbnail","hentry","category-regionales"],"aioseo_notices":[],"gutentor_comment":0,"jetpack_featured_media_url":"https:\/\/eldiariodesanpedro.com.ar\/sitio\/wp-content\/uploads\/2019\/02\/policia.jpg","jetpack_shortlink":"https:\/\/wp.me\/p6RhLt-czo","jetpack_sharing_enabled":true,"_links":{"self":[{"href":"https:\/\/eldiariodesanpedro.com.ar\/sitio\/wp-json\/wp\/v2\/posts\/48322","targetHints":{"allow":["GET"]}}],"collection":[{"href":"https:\/\/eldiariodesanpedro.com.ar\/sitio\/wp-json\/wp\/v2\/posts"}],"about":[{"href":"https:\/\/eldiariodesanpedro.com.ar\/sitio\/wp-json\/wp\/v2\/types\/post"}],"author":[{"embeddable":true,"href":"https:\/\/eldiariodesanpedro.com.ar\/sitio\/wp-json\/wp\/v2\/users\/4"}],"replies":[{"embeddable":true,"href":"https:\/\/eldiariodesanpedro.com.ar\/sitio\/wp-json\/wp\/v2\/comments?post=48322"}],"version-history":[{"count":2,"href":"https:\/\/eldiariodesanpedro.com.ar\/sitio\/wp-json\/wp\/v2\/posts\/48322\/revisions"}],"predecessor-version":[{"id":48325,"href":"https:\/\/eldiariodesanpedro.com.ar\/sitio\/wp-json\/wp\/v2\/posts\/48322\/revisions\/48325"}],"wp:featuredmedia":[{"embeddable":true,"href":"https:\/\/eldiariodesanpedro.com.ar\/sitio\/wp-json\/wp\/v2\/media\/48323"}],"wp:attachment":[{"href":"https:\/\/eldiariodesanpedro.com.ar\/sitio\/wp-json\/wp\/v2\/media?parent=48322"}],"wp:term":[{"taxonomy":"category","embeddable":true,"href":"https:\/\/eldiariodesanpedro.com.ar\/sitio\/wp-json\/wp\/v2\/categories?post=48322"},{"taxonomy":"post_tag","embeddable":true,"href":"https:\/\/eldiariodesanpedro.com.ar\/sitio\/wp-json\/wp\/v2\/tags?post=48322"}],"curies":[{"name":"wp","href":"https:\/\/api.w.org\/{rel}","templated":true}]}}