{"id":48319,"date":"2019-02-27T10:58:54","date_gmt":"2019-02-27T13:58:54","guid":{"rendered":"https:\/\/eldiariodesanpedro.com.ar\/sitio\/?p=48319"},"modified":"2019-02-27T10:59:03","modified_gmt":"2019-02-27T13:59:03","slug":"baradero-festival-y-despues-millones-de-pesos-perdidos-y-un-profundo-debate-en-el-tintero","status":"publish","type":"post","link":"https:\/\/eldiariodesanpedro.com.ar\/sitio\/baradero-festival-y-despues-millones-de-pesos-perdidos-y-un-profundo-debate-en-el-tintero\/","title":{"rendered":"BARADERO:  Festival y despu\u00e9s, millones de pesos perdidos y un profundo debate en el tintero"},"content":{"rendered":"<!-- VideographyWP Plugin Message: Automatic video embedding prevented by plugin options. -->\n\n<p>Los cuatro artistas principales cuestan m\u00e1s de la mitad del evento. La inversi\u00f3n supera los 9 millones de pesos. La venta de entradas no fue la esperada. La crisis econ\u00f3mica y el impacto en los bolsillos tambi\u00e9n afectan a las familias a la hora de analizar los gastos. El anfiteatro solo cuando estuvo realmente colmado el domingo. El jueves, la noche m\u00e1s floja en convocatoria. El Festival de M\u00fasica Popular deja varios temas por analizar.<\/p>\n\n\n\n<p>Para empezar hay que remarcar que lo que se vive arriba del escenario es un espect\u00e1culo digno y a la altura de la importancia que tiene el evento a nivel nacional. El ida y vuelta de los artistas con el p\u00fablico, la fiesta, la alegr\u00eda y la diversi\u00f3n, no entran en esta discusi\u00f3n.<\/p>\n\n\n\n<p>Por fuera del escenario est\u00e1n las cuentas municipales. El Festival Mayor es una inversi\u00f3n en Cultura y tambi\u00e9n en Turismo. El municipio desembolsa de sus arcas millones de pesos que luego no logra recuperar en su totalidad. No se trata de hacer un negocio sino de salir hecho, o por lo menos que las p\u00e9rdidas no sean tan elevadas. La gran concurrencia de turistas posibilita que el sector hotelero y gastron\u00f3mico tengan ingresos superiores para afrontar la situaci\u00f3n actual. Pero las cuentas municipales quedaron en rojo.<\/p>\n\n\n\n<p>El costo de este festival, seg\u00fan el presupuesto 2019, fue estimado en m\u00e1s de 9 millones de pesos. De los cuales, por citar tan s\u00f3lo un ejemplo, m\u00e1s de dos millones fueron destinados a pagarle a Luciano Pereyra, el artista m\u00e1s convocante de esta edici\u00f3n. Es decir un 25% del festival es s\u00f3lo para pagarle a un artista. Otros millones se van en Jorge Rojas, el Indio Rojas y Banda XXI. Ni aunque llene el domingo salimos hechos, declar\u00f3 un referente del oficialismo a este medio. La noche del jueves el p\u00fablico pr\u00e1cticamente ni se acerc\u00f3 al anfiteatro, estaba \u201cvac\u00edo\u201d si lo comparamos con las otras jornadas.<\/p>\n\n\n\n<p>El Indio Rojas brind\u00f3 un espect\u00e1culo impecable que lo cerr\u00f3 con el lujo de su hermano Jorge Rojas. Le vali\u00f3 ganarse el premio Consagraci\u00f3n, aunque qued\u00f3 demostrado que en esta carrera de solista, donde tambi\u00e9n logr\u00f3 ser premiado en Cosqu\u00edn, no es convocante como para llenar el predio municipal. \u201cLos Rojas\u201d subieron a escena y con ellos los n\u00fameros \u201cen rojo\u201d. As\u00ed surge la inquietud \u00bfEs necesario hacer cuatro noches?, \u00bfpor qu\u00e9 no se puede optar por tres, del viernes al domingo? Fue un planteo que se hicieron puertas adentro, previamente, algunos funcionarios municipales que forman parte de la organizaci\u00f3n del evento. La excusa de hacer s\u00ed o s\u00ed las cuatro noches fue que si hacen tres, se complican los tiempos de los ganadores del Pre-Festival, en ese caso, una opci\u00f3n puede ser que la grilla est\u00e9 compuesta por menos grupos de tercera l\u00ednea. \u00bfEs un festival de la Cultura o es un recital de un artista convocante? La gente se acerc\u00f3 masivamente cerca del horario de actuaci\u00f3n de su artista preferido. Van a ver directamente a tal o cual cantante es por eso que en el horario central de la televisi\u00f3n, durante la transmisi\u00f3n en vivo de la TV P\u00fablica, los planos abiertos mostraban los \u201chuecos\u201d que hab\u00edan en el anfiteatro; un predio que horas m\u00e1s tarde tuvo mayor concurrencia durante el s\u00e1bado y el domingo \u00bfQu\u00e9 porcentaje de personas va a disfrutar de la diversidad musical y qu\u00e9 porcentaje va con el prop\u00f3sito de ver a su artista favorito? El Festival, \u00bfse torna en un recital con invitados?<\/p>\n\n\n\n<p>Respecto de transmitir en vivo por la televisi\u00f3n, sirvi\u00f3 para promocionar a\u00fan m\u00e1s a Baradero y tambi\u00e9n para que se respeten a rajatabla los horarios de la grilla. Para el municipio, en los n\u00fameros fue un costo extra, porque tienen que contratar equipos t\u00e9cnicos con mayores requisitos. La cr\u00edtica de los que se quedaron a ver el festival desde sus hogares, fue que el sonido era de mala calidad. Por lo momentos se entrecortaba o no sal\u00eda al aire, como ocurri\u00f3 con Banda XXI.<\/p>\n\n\n\n<p>Seg\u00fan lo estimaron en el presupuesto 2019 las autoridades calcularon que en la venta de entradas necesitan recaudar unos cuatro millones de pesos y otra suma similar en concepto de publicidad. El gobierno de la Provincia de Buenos Aires no brind\u00f3 su apoyo, como lo hizo en otras ediciones.<\/p>\n\n\n\n<p>Las cantinas: Lo recaudado ser\u00e1 donado al Hogar del Ni\u00f1o y al de Ancianos, como una manera de recuperar la inversi\u00f3n del festival.<\/p>\n\n\n\n<p>Otra situaci\u00f3n es el costo que tiene incorporar artistas de primera linea, que los grupos le cobren menos cachet a los eventos organizados por municipalidades, como Baradero o Cosqu\u00edn, porque justamente el precio que tienen es alt\u00edsimo y as\u00ed se eleva el valor de la entrada popular. Es cierto que $450 o $500 se torna accesible si se compara con los shows particulares que ofrecen los cantautores, cuando se presentan en teatros o estadios de f\u00fatbol, pero es una cifra accesible para una sola persona, no para una familia tipo, que de entrada solamente gasta $2000, si a eso se le suma el costo del transporte, el alojamiento y el consumo dentro del predio, que a m\u00e1s de uno espanta, sobre todo en estos tiempos de crisis econ\u00f3mica.<\/p>\n\n\n\n<p>Baradero tiene otra complicaci\u00f3n: el alquiler del techo del escenario. Una obra frustrada. Cuando Cambiemos asumi\u00f3 ten\u00eda pr\u00e1cticamente su primer festival encima. Luego decidieron quitar la estructura por obsoleta. La promesa fue que a lo sumo s\u00f3lo en un festival iban a tener que alquilar una estructura. La obra a\u00fan no se concret\u00f3 y ya pasaron tres festivales con este gasto. Junto al alquiler, este a\u00f1o tambi\u00e9n agregaron la contrataci\u00f3n de una empresa de seguridad privada, la misma de la del Festival de Rock.<\/p>\n\n\n\n<p>La Pe\u00f1a Oficial de la Plaza Mitre, \u00bfle resta gente al Festival Mayor? Es una propuesta que ofrece m\u00fasica gratuita y adem\u00e1s posibilita mayores ingresos a las cantinas de las instituciones que trabajan en el centro de la ciudad con el objetivo de solventar los gastos que se le presentan durante el a\u00f1o. El clima que genera la Pe\u00f1a Oficial es muy agradable y gratificante, es un momento ideal para compartir en familia y con amigos. Por lo tanto \u00bfTodo se debe concentrar en el anfiteatro o tambi\u00e9n puede convivir con actividades paralelas? La decisi\u00f3n de este a\u00f1o fue que la Pe\u00f1a Oficial terminara a la una de la ma\u00f1ana, la idea fue que las personas que estaban all\u00ed si quer\u00edan seguir escuchando m\u00fasica en vivo, no tengan otra opci\u00f3n que ir al anfiteatro. Pero el lugar que ofrece la plaza da para quedarse.<\/p>\n\n\n\n<p>Son todos temas que merecen un profundo debate. Lo que si est\u00e1 claro es que el Festival de M\u00fasica Popular no se puede dejar de realizar. Es un sello de nuestra identidad que debe tener la correspondiente y adecuada continuidad, luego de los a\u00f1os de silencio de la Dictadura y el recupero con la Democracia. Los cantores no deben callarse. Este escenario debe mantener su vigencia y calidad.<\/p>\n\n\n\n<p>\n\nFuente: La Aut\u00e9ntica Opini\u00f3n.\n\n<\/p>\n","protected":false},"excerpt":{"rendered":"<p>Los cuatro artistas principales cuestan m\u00e1s de la mitad del evento. La inversi\u00f3n supera los 9 millones de pesos. La venta de entradas no fue la esperada. La crisis econ\u00f3mica y el impacto en los bolsillos tambi\u00e9n afectan a las familias a la hora de analizar los gastos. El anfiteatro solo cuando estuvo realmente colmado [&hellip;]<\/p>\n","protected":false},"author":4,"featured_media":48320,"comment_status":"open","ping_status":"closed","sticky":false,"template":"","format":"standard","meta":{"om_disable_all_campaigns":false,"_jetpack_memberships_contains_paid_content":false,"footnotes":""},"categories":[621],"tags":[],"class_list":["post-48319","post","type-post","status-publish","format-standard","has-post-thumbnail","hentry","category-regionales"],"aioseo_notices":[],"gutentor_comment":0,"jetpack_featured_media_url":"https:\/\/eldiariodesanpedro.com.ar\/sitio\/wp-content\/uploads\/2019\/02\/IMG_3058-Copy-1.jpg","jetpack_shortlink":"https:\/\/wp.me\/p6RhLt-czl","jetpack_sharing_enabled":true,"_links":{"self":[{"href":"https:\/\/eldiariodesanpedro.com.ar\/sitio\/wp-json\/wp\/v2\/posts\/48319","targetHints":{"allow":["GET"]}}],"collection":[{"href":"https:\/\/eldiariodesanpedro.com.ar\/sitio\/wp-json\/wp\/v2\/posts"}],"about":[{"href":"https:\/\/eldiariodesanpedro.com.ar\/sitio\/wp-json\/wp\/v2\/types\/post"}],"author":[{"embeddable":true,"href":"https:\/\/eldiariodesanpedro.com.ar\/sitio\/wp-json\/wp\/v2\/users\/4"}],"replies":[{"embeddable":true,"href":"https:\/\/eldiariodesanpedro.com.ar\/sitio\/wp-json\/wp\/v2\/comments?post=48319"}],"version-history":[{"count":1,"href":"https:\/\/eldiariodesanpedro.com.ar\/sitio\/wp-json\/wp\/v2\/posts\/48319\/revisions"}],"predecessor-version":[{"id":48321,"href":"https:\/\/eldiariodesanpedro.com.ar\/sitio\/wp-json\/wp\/v2\/posts\/48319\/revisions\/48321"}],"wp:featuredmedia":[{"embeddable":true,"href":"https:\/\/eldiariodesanpedro.com.ar\/sitio\/wp-json\/wp\/v2\/media\/48320"}],"wp:attachment":[{"href":"https:\/\/eldiariodesanpedro.com.ar\/sitio\/wp-json\/wp\/v2\/media?parent=48319"}],"wp:term":[{"taxonomy":"category","embeddable":true,"href":"https:\/\/eldiariodesanpedro.com.ar\/sitio\/wp-json\/wp\/v2\/categories?post=48319"},{"taxonomy":"post_tag","embeddable":true,"href":"https:\/\/eldiariodesanpedro.com.ar\/sitio\/wp-json\/wp\/v2\/tags?post=48319"}],"curies":[{"name":"wp","href":"https:\/\/api.w.org\/{rel}","templated":true}]}}