{"id":48316,"date":"2019-02-27T10:46:22","date_gmt":"2019-02-27T13:46:22","guid":{"rendered":"https:\/\/eldiariodesanpedro.com.ar\/sitio\/?p=48316"},"modified":"2019-02-27T10:46:32","modified_gmt":"2019-02-27T13:46:32","slug":"baradero-le-roban-a-un-proveedor-casi-100-mil-pesos-en-cheques","status":"publish","type":"post","link":"https:\/\/eldiariodesanpedro.com.ar\/sitio\/baradero-le-roban-a-un-proveedor-casi-100-mil-pesos-en-cheques\/","title":{"rendered":"BARADERO: Le roban a un proveedor casi 100 mil pesos en cheques"},"content":{"rendered":"<!-- VideographyWP Plugin Message: Automatic video embedding prevented by plugin options. -->\n\n<p>Un proveedor, oriundo de Carmen de Areco, dejo estacionada su camioneta frente a un local de calle Juan B. Justo al 900 y en no m\u00e1s de 2 minutos le roban del interior, una mochila con dinero y cheques.<\/p>\n\n\n\n<p>El propietario de la camioneta ingres\u00f3 a una veterinaria, aproximadamente a las 16:50 Hs. y al salir, no tard\u00f3 m\u00e1s de dos minutos, fue alertado por un transe\u00fante que dos personas en una moto le hab\u00edan sustra\u00eddo un mochila del interior del m\u00f3vil.<\/p>\n\n\n\n<p>La acci\u00f3n de los delincuentes habr\u00eda quedado registrado en las c\u00e1maras de los comercios del lugar.<\/p>\n\n\n\n<p>Fuente: Baradero Te Informa<\/p>\n","protected":false},"excerpt":{"rendered":"<p>Un proveedor, oriundo de Carmen de Areco, dejo estacionada su camioneta frente a un local de calle Juan B. Justo al 900 y en no m\u00e1s de 2 minutos le roban del interior, una mochila con dinero y cheques. El propietario de la camioneta ingres\u00f3 a una veterinaria, aproximadamente a las 16:50 Hs. y al [&hellip;]<\/p>\n","protected":false},"author":4,"featured_media":48317,"comment_status":"open","ping_status":"closed","sticky":false,"template":"","format":"standard","meta":{"om_disable_all_campaigns":false,"_jetpack_memberships_contains_paid_content":false,"footnotes":""},"categories":[621],"tags":[],"class_list":["post-48316","post","type-post","status-publish","format-standard","has-post-thumbnail","hentry","category-regionales"],"aioseo_notices":[],"gutentor_comment":0,"jetpack_featured_media_url":"https:\/\/eldiariodesanpedro.com.ar\/sitio\/wp-content\/uploads\/2019\/02\/ee.jpg","jetpack_shortlink":"https:\/\/wp.me\/p6RhLt-czi","jetpack_sharing_enabled":true,"_links":{"self":[{"href":"https:\/\/eldiariodesanpedro.com.ar\/sitio\/wp-json\/wp\/v2\/posts\/48316","targetHints":{"allow":["GET"]}}],"collection":[{"href":"https:\/\/eldiariodesanpedro.com.ar\/sitio\/wp-json\/wp\/v2\/posts"}],"about":[{"href":"https:\/\/eldiariodesanpedro.com.ar\/sitio\/wp-json\/wp\/v2\/types\/post"}],"author":[{"embeddable":true,"href":"https:\/\/eldiariodesanpedro.com.ar\/sitio\/wp-json\/wp\/v2\/users\/4"}],"replies":[{"embeddable":true,"href":"https:\/\/eldiariodesanpedro.com.ar\/sitio\/wp-json\/wp\/v2\/comments?post=48316"}],"version-history":[{"count":1,"href":"https:\/\/eldiariodesanpedro.com.ar\/sitio\/wp-json\/wp\/v2\/posts\/48316\/revisions"}],"predecessor-version":[{"id":48318,"href":"https:\/\/eldiariodesanpedro.com.ar\/sitio\/wp-json\/wp\/v2\/posts\/48316\/revisions\/48318"}],"wp:featuredmedia":[{"embeddable":true,"href":"https:\/\/eldiariodesanpedro.com.ar\/sitio\/wp-json\/wp\/v2\/media\/48317"}],"wp:attachment":[{"href":"https:\/\/eldiariodesanpedro.com.ar\/sitio\/wp-json\/wp\/v2\/media?parent=48316"}],"wp:term":[{"taxonomy":"category","embeddable":true,"href":"https:\/\/eldiariodesanpedro.com.ar\/sitio\/wp-json\/wp\/v2\/categories?post=48316"},{"taxonomy":"post_tag","embeddable":true,"href":"https:\/\/eldiariodesanpedro.com.ar\/sitio\/wp-json\/wp\/v2\/tags?post=48316"}],"curies":[{"name":"wp","href":"https:\/\/api.w.org\/{rel}","templated":true}]}}