{"id":48313,"date":"2019-02-27T10:44:54","date_gmt":"2019-02-27T13:44:54","guid":{"rendered":"https:\/\/eldiariodesanpedro.com.ar\/sitio\/?p=48313"},"modified":"2019-02-27T10:45:04","modified_gmt":"2019-02-27T13:45:04","slug":"provincia-litoral-gas-pide-aumento-del-34-por-ciento-en-la-tarifa","status":"publish","type":"post","link":"https:\/\/eldiariodesanpedro.com.ar\/sitio\/provincia-litoral-gas-pide-aumento-del-34-por-ciento-en-la-tarifa\/","title":{"rendered":"PROVINCIA: Litoral gas pide aumento del 34 por ciento en la tarifa"},"content":{"rendered":"<!-- VideographyWP Plugin Message: Automatic video embedding prevented by plugin options. -->\n\n<p>Las empresas distribuidoras de gas que prestan el servicio en todo el pa\u00eds solicitar\u00e1n aumentos tarifarios de hasta el 35% para los pr\u00f3ximos seis meses durante la Audiencia P\u00fablica que se desarrollar\u00e1 hoy en Capital Federal y continuar\u00e1 el jueves en Salta.<\/p>\n\n\n\n<p>En el debate de este mi\u00e9rcoles se tratar\u00e1 el pedido de la empresa Camuzzi Gas Pampeana, que presta servicio en la provincia de Buenos Aires, adem\u00e1s de Transportadora de Gas Del Sur (TGS), Metrogas, Litoral Gas (prestataria del servicio en San Nicol\u00e1s), Gas Natural Ban y Camuzzi Gas del Sur.<\/p>\n\n\n\n<p>La convocatoria realizada por el Ente Nacional Regulador del Gas (Enargas) permitir\u00e1 considerar el nuevo cuadro tarifario semestral de transporte y distribuci\u00f3n del fluido que se aplicar\u00e1 a partir del 1\u00b0 de abril para los pr\u00f3ximos seis meses, de acuerdo con lo resuelto en la Revisi\u00f3n Tarifaria Integral que llev\u00f3 adelante el Gobierno en diciembre de 2016.<\/p>\n\n\n\n<p>Litoral Gas, distribuidora en nuestra ciudad, solicitar\u00e1 incrementos tarifarios de hasta el 33,74 por ciento, teniendo en cuenta la variaci\u00f3n de precios mayoristas desde el 1\u00ba de octubre de 2018, de acuerdo con lo que trascendi\u00f3 extraoficialmente.<\/p>\n\n\n\n<p>Cabe destacar que Litoral Gas desarrolla la actividad de distribuci\u00f3n de gas natural en el \u00e1rea conformada por la provincia de Santa Fe y por los distritos bonaerenses de San Nicol\u00e1s, Ramallo, Pergamino, Col\u00f3n, Bartolom\u00e9 Mitre, San Pedro y Baradero. Esta regi\u00f3n abarca una superficie de 136.387 km2 y tiene una poblaci\u00f3n del orden de los 3,5 millones de habitantes.<\/p>\n","protected":false},"excerpt":{"rendered":"<p>Las empresas distribuidoras de gas que prestan el servicio en todo el pa\u00eds solicitar\u00e1n aumentos tarifarios de hasta el 35% para los pr\u00f3ximos seis meses durante la Audiencia P\u00fablica que se desarrollar\u00e1 hoy en Capital Federal y continuar\u00e1 el jueves en Salta. En el debate de este mi\u00e9rcoles se tratar\u00e1 el pedido de la empresa [&hellip;]<\/p>\n","protected":false},"author":4,"featured_media":48314,"comment_status":"open","ping_status":"closed","sticky":false,"template":"","format":"standard","meta":{"om_disable_all_campaigns":false,"_jetpack_memberships_contains_paid_content":false,"footnotes":""},"categories":[621],"tags":[],"class_list":["post-48313","post","type-post","status-publish","format-standard","has-post-thumbnail","hentry","category-regionales"],"aioseo_notices":[],"gutentor_comment":0,"jetpack_featured_media_url":"https:\/\/eldiariodesanpedro.com.ar\/sitio\/wp-content\/uploads\/2019\/02\/0-6.jpg","jetpack_shortlink":"https:\/\/wp.me\/p6RhLt-czf","jetpack_sharing_enabled":true,"_links":{"self":[{"href":"https:\/\/eldiariodesanpedro.com.ar\/sitio\/wp-json\/wp\/v2\/posts\/48313","targetHints":{"allow":["GET"]}}],"collection":[{"href":"https:\/\/eldiariodesanpedro.com.ar\/sitio\/wp-json\/wp\/v2\/posts"}],"about":[{"href":"https:\/\/eldiariodesanpedro.com.ar\/sitio\/wp-json\/wp\/v2\/types\/post"}],"author":[{"embeddable":true,"href":"https:\/\/eldiariodesanpedro.com.ar\/sitio\/wp-json\/wp\/v2\/users\/4"}],"replies":[{"embeddable":true,"href":"https:\/\/eldiariodesanpedro.com.ar\/sitio\/wp-json\/wp\/v2\/comments?post=48313"}],"version-history":[{"count":1,"href":"https:\/\/eldiariodesanpedro.com.ar\/sitio\/wp-json\/wp\/v2\/posts\/48313\/revisions"}],"predecessor-version":[{"id":48315,"href":"https:\/\/eldiariodesanpedro.com.ar\/sitio\/wp-json\/wp\/v2\/posts\/48313\/revisions\/48315"}],"wp:featuredmedia":[{"embeddable":true,"href":"https:\/\/eldiariodesanpedro.com.ar\/sitio\/wp-json\/wp\/v2\/media\/48314"}],"wp:attachment":[{"href":"https:\/\/eldiariodesanpedro.com.ar\/sitio\/wp-json\/wp\/v2\/media?parent=48313"}],"wp:term":[{"taxonomy":"category","embeddable":true,"href":"https:\/\/eldiariodesanpedro.com.ar\/sitio\/wp-json\/wp\/v2\/categories?post=48313"},{"taxonomy":"post_tag","embeddable":true,"href":"https:\/\/eldiariodesanpedro.com.ar\/sitio\/wp-json\/wp\/v2\/tags?post=48313"}],"curies":[{"name":"wp","href":"https:\/\/api.w.org\/{rel}","templated":true}]}}