{"id":48310,"date":"2019-02-27T10:42:17","date_gmt":"2019-02-27T13:42:17","guid":{"rendered":"https:\/\/eldiariodesanpedro.com.ar\/sitio\/?p=48310"},"modified":"2019-02-27T10:42:26","modified_gmt":"2019-02-27T13:42:26","slug":"san-nicolas-recuperaron-dolares-robados-a-un-jubilado","status":"publish","type":"post","link":"https:\/\/eldiariodesanpedro.com.ar\/sitio\/san-nicolas-recuperaron-dolares-robados-a-un-jubilado\/","title":{"rendered":"SAN NICOL\u00c1S: Recuperaron d\u00f3lares robados a un jubilado"},"content":{"rendered":"<!-- VideographyWP Plugin Message: Automatic video embedding prevented by plugin options. -->\n\n<p>\n\nEl 20 de febrero pasado un hombre, jubilado, denunci\u00f3 que mientras no se encontraba en su vivienda, sujetos hab\u00edan ingresado rompiendo una puerta y le hab\u00edan sustra\u00eddo dinero.&nbsp;<\/p>\n\n\n\n<p>A ra\u00edz de lo denunciado, se inici\u00f3 una investigaci\u00f3n y fue solicitada una orden de allanamiento para un domicilio de calle Naci\u00f3n al 1300. Personal del Comando de Patrullas, Polic\u00eda Local y Comisar\u00eda Primera concret\u00f3 al procedimiento e incautaron 800 d\u00f3lares y 2000 pesos argentinos.<\/p>\n\n\n\n<p>El dinero secuestrado pertenece a la v\u00edctima del robo ocurrido d\u00edas atr\u00e1s. Fue aprehendido el autor del delito, que a su vez es vecino del damnificado.<\/p>\n\n\n\n<p>Fuente: Diario El Informante <\/p>\n","protected":false},"excerpt":{"rendered":"<p>El 20 de febrero pasado un hombre, jubilado, denunci\u00f3 que mientras no se encontraba en su vivienda, sujetos hab\u00edan ingresado rompiendo una puerta y le hab\u00edan sustra\u00eddo dinero.&nbsp; A ra\u00edz de lo denunciado, se inici\u00f3 una investigaci\u00f3n y fue solicitada una orden de allanamiento para un domicilio de calle Naci\u00f3n al 1300. Personal del Comando [&hellip;]<\/p>\n","protected":false},"author":4,"featured_media":48311,"comment_status":"open","ping_status":"closed","sticky":false,"template":"","format":"standard","meta":{"om_disable_all_campaigns":false,"_jetpack_memberships_contains_paid_content":false,"footnotes":""},"categories":[621],"tags":[],"class_list":["post-48310","post","type-post","status-publish","format-standard","has-post-thumbnail","hentry","category-regionales"],"aioseo_notices":[],"gutentor_comment":0,"jetpack_featured_media_url":"https:\/\/eldiariodesanpedro.com.ar\/sitio\/wp-content\/uploads\/2019\/02\/no_cdstwdgf28q7b69dolares.jpg","jetpack_shortlink":"https:\/\/wp.me\/p6RhLt-czc","jetpack_sharing_enabled":true,"_links":{"self":[{"href":"https:\/\/eldiariodesanpedro.com.ar\/sitio\/wp-json\/wp\/v2\/posts\/48310","targetHints":{"allow":["GET"]}}],"collection":[{"href":"https:\/\/eldiariodesanpedro.com.ar\/sitio\/wp-json\/wp\/v2\/posts"}],"about":[{"href":"https:\/\/eldiariodesanpedro.com.ar\/sitio\/wp-json\/wp\/v2\/types\/post"}],"author":[{"embeddable":true,"href":"https:\/\/eldiariodesanpedro.com.ar\/sitio\/wp-json\/wp\/v2\/users\/4"}],"replies":[{"embeddable":true,"href":"https:\/\/eldiariodesanpedro.com.ar\/sitio\/wp-json\/wp\/v2\/comments?post=48310"}],"version-history":[{"count":1,"href":"https:\/\/eldiariodesanpedro.com.ar\/sitio\/wp-json\/wp\/v2\/posts\/48310\/revisions"}],"predecessor-version":[{"id":48312,"href":"https:\/\/eldiariodesanpedro.com.ar\/sitio\/wp-json\/wp\/v2\/posts\/48310\/revisions\/48312"}],"wp:featuredmedia":[{"embeddable":true,"href":"https:\/\/eldiariodesanpedro.com.ar\/sitio\/wp-json\/wp\/v2\/media\/48311"}],"wp:attachment":[{"href":"https:\/\/eldiariodesanpedro.com.ar\/sitio\/wp-json\/wp\/v2\/media?parent=48310"}],"wp:term":[{"taxonomy":"category","embeddable":true,"href":"https:\/\/eldiariodesanpedro.com.ar\/sitio\/wp-json\/wp\/v2\/categories?post=48310"},{"taxonomy":"post_tag","embeddable":true,"href":"https:\/\/eldiariodesanpedro.com.ar\/sitio\/wp-json\/wp\/v2\/tags?post=48310"}],"curies":[{"name":"wp","href":"https:\/\/api.w.org\/{rel}","templated":true}]}}