{"id":48306,"date":"2019-02-27T10:05:44","date_gmt":"2019-02-27T13:05:44","guid":{"rendered":"https:\/\/eldiariodesanpedro.com.ar\/sitio\/?p=48306"},"modified":"2019-02-27T12:44:30","modified_gmt":"2019-02-27T15:44:30","slug":"allanamiento-por-amenazas-en-gobernador-castro","status":"publish","type":"post","link":"https:\/\/eldiariodesanpedro.com.ar\/sitio\/allanamiento-por-amenazas-en-gobernador-castro\/","title":{"rendered":"Allanamiento por amenazas en Gobernador Castro"},"content":{"rendered":"<!-- VideographyWP Plugin Message: Automatic video embedding prevented by plugin options. -->\n\n<p>El pasado d\u00eda sabado 23, en la comisar\u00eda local se radic\u00f3 denuncia de un ciudadano de 39 a\u00f1os, residente de Gobernador Castro, por amenazas de familiares de ex pareja, asistido en la comisar\u00eda de la mujer. <\/p>\n\n\n\n<p>Tras averiguaciones practicadas se estableci\u00f3 domicilio del denunciado, solicit\u00e1ndose orden de allanamiento, la que extendida este mi\u00e9rcoles por la justicia ordinaria de San Nicolas, se diligencio en esa misma localidad, calle Sarmiento , donde el personal policial, secuestr\u00f3 escopeta calibre 16 dos ca\u00f1os unidos sin marca ni numeraci\u00f3n visible, con cartucho recamara lista para disparo. <\/p>\n\n\n\n<p>Respecto de los moradores y denunciados, dos masculinos de 66 y 26 a\u00f1os de edad, se cumplieron recaudos legales, imputados por amenazas y tenencia ilegal de arma de fuego, por disposici\u00f3n de la fiscal\u00eda en turno de San Pedro.<\/p>\n\n\n\n<figure class=\"wp-block-image\"><img decoding=\"async\" width=\"576\" height=\"1024\" data-attachment-id=\"48339\" data-permalink=\"https:\/\/eldiariodesanpedro.com.ar\/sitio\/allanamiento-por-amenazas-en-gobernador-castro\/img-20190227-wa0001\/\" data-orig-file=\"https:\/\/eldiariodesanpedro.com.ar\/sitio\/wp-content\/uploads\/2019\/02\/IMG-20190227-WA0001.jpg\" data-orig-size=\"581,1032\" data-comments-opened=\"1\" data-image-meta=\"{&quot;aperture&quot;:&quot;0&quot;,&quot;credit&quot;:&quot;&quot;,&quot;camera&quot;:&quot;&quot;,&quot;caption&quot;:&quot;&quot;,&quot;created_timestamp&quot;:&quot;0&quot;,&quot;copyright&quot;:&quot;&quot;,&quot;focal_length&quot;:&quot;0&quot;,&quot;iso&quot;:&quot;0&quot;,&quot;shutter_speed&quot;:&quot;0&quot;,&quot;title&quot;:&quot;&quot;,&quot;orientation&quot;:&quot;0&quot;}\" data-image-title=\"IMG-20190227-WA0001\" data-image-description=\"\" data-image-caption=\"\" data-large-file=\"https:\/\/eldiariodesanpedro.com.ar\/sitio\/wp-content\/uploads\/2019\/02\/IMG-20190227-WA0001-576x1024.jpg\" data-src=\"https:\/\/eldiariodesanpedro.com.ar\/sitio\/wp-content\/uploads\/2019\/02\/IMG-20190227-WA0001-576x1024.jpg\" alt=\"\" class=\"wp-image-48339 lazyload\" data-srcset=\"https:\/\/eldiariodesanpedro.com.ar\/sitio\/wp-content\/uploads\/2019\/02\/IMG-20190227-WA0001-576x1024.jpg 576w, https:\/\/eldiariodesanpedro.com.ar\/sitio\/wp-content\/uploads\/2019\/02\/IMG-20190227-WA0001-169x300.jpg 169w, https:\/\/eldiariodesanpedro.com.ar\/sitio\/wp-content\/uploads\/2019\/02\/IMG-20190227-WA0001.jpg 581w\" data-sizes=\"(max-width: 576px) 100vw, 576px\" src=\"data:image\/svg+xml;base64,PHN2ZyB3aWR0aD0iMSIgaGVpZ2h0PSIxIiB4bWxucz0iaHR0cDovL3d3dy53My5vcmcvMjAwMC9zdmciPjwvc3ZnPg==\" style=\"--smush-placeholder-width: 576px; --smush-placeholder-aspect-ratio: 576\/1024;\" \/><\/figure>\n","protected":false},"excerpt":{"rendered":"<p>El pasado d\u00eda sabado 23, en la comisar\u00eda local se radic\u00f3 denuncia de un ciudadano de 39 a\u00f1os, residente de Gobernador Castro, por amenazas de familiares de ex pareja, asistido en la comisar\u00eda de la mujer. Tras averiguaciones practicadas se estableci\u00f3 domicilio del denunciado, solicit\u00e1ndose orden de allanamiento, la que extendida este mi\u00e9rcoles por la [&hellip;]<\/p>\n","protected":false},"author":4,"featured_media":16973,"comment_status":"open","ping_status":"closed","sticky":false,"template":"","format":"standard","meta":{"om_disable_all_campaigns":false,"_jetpack_memberships_contains_paid_content":false,"footnotes":""},"categories":[2,103],"tags":[],"class_list":["post-48306","post","type-post","status-publish","format-standard","has-post-thumbnail","hentry","category-locales","category-policiales-locales"],"aioseo_notices":[],"gutentor_comment":0,"jetpack_featured_media_url":"https:\/\/eldiariodesanpedro.com.ar\/sitio\/wp-content\/uploads\/2017\/04\/DSC_0058.jpg","jetpack_shortlink":"https:\/\/wp.me\/p6RhLt-cz8","jetpack_sharing_enabled":true,"_links":{"self":[{"href":"https:\/\/eldiariodesanpedro.com.ar\/sitio\/wp-json\/wp\/v2\/posts\/48306","targetHints":{"allow":["GET"]}}],"collection":[{"href":"https:\/\/eldiariodesanpedro.com.ar\/sitio\/wp-json\/wp\/v2\/posts"}],"about":[{"href":"https:\/\/eldiariodesanpedro.com.ar\/sitio\/wp-json\/wp\/v2\/types\/post"}],"author":[{"embeddable":true,"href":"https:\/\/eldiariodesanpedro.com.ar\/sitio\/wp-json\/wp\/v2\/users\/4"}],"replies":[{"embeddable":true,"href":"https:\/\/eldiariodesanpedro.com.ar\/sitio\/wp-json\/wp\/v2\/comments?post=48306"}],"version-history":[{"count":2,"href":"https:\/\/eldiariodesanpedro.com.ar\/sitio\/wp-json\/wp\/v2\/posts\/48306\/revisions"}],"predecessor-version":[{"id":48340,"href":"https:\/\/eldiariodesanpedro.com.ar\/sitio\/wp-json\/wp\/v2\/posts\/48306\/revisions\/48340"}],"wp:featuredmedia":[{"embeddable":true,"href":"https:\/\/eldiariodesanpedro.com.ar\/sitio\/wp-json\/wp\/v2\/media\/16973"}],"wp:attachment":[{"href":"https:\/\/eldiariodesanpedro.com.ar\/sitio\/wp-json\/wp\/v2\/media?parent=48306"}],"wp:term":[{"taxonomy":"category","embeddable":true,"href":"https:\/\/eldiariodesanpedro.com.ar\/sitio\/wp-json\/wp\/v2\/categories?post=48306"},{"taxonomy":"post_tag","embeddable":true,"href":"https:\/\/eldiariodesanpedro.com.ar\/sitio\/wp-json\/wp\/v2\/tags?post=48306"}],"curies":[{"name":"wp","href":"https:\/\/api.w.org\/{rel}","templated":true}]}}