{"id":483,"date":"2015-11-26T19:11:30","date_gmt":"2015-11-26T22:11:30","guid":{"rendered":"http:\/\/www.eldiariodesanpedro.com.ar\/?p=483"},"modified":"2026-01-23T23:21:40","modified_gmt":"2026-01-24T02:21:40","slug":"confirmaron-que-las-clases-arrancaran-el-29-de-febrero-de-2016","status":"publish","type":"post","link":"https:\/\/eldiariodesanpedro.com.ar\/sitio\/confirmaron-que-las-clases-arrancaran-el-29-de-febrero-de-2016\/","title":{"rendered":"Confirmaron que las clases arrancar\u00e1n el 29 de febrero de 2016"},"content":{"rendered":"<p><!-- VideographyWP Plugin Message: Automatic video embedding prevented by plugin options. --><br \/>\n(NA) &#8211; El Consejo Federal de Educaci\u00f3n, integrado por las m\u00e1ximas autoridades educativas de las 24 jurisdicciones, acordaron este mi\u00e9rcoles que el ciclo lectivo de 2016 comenzar\u00e1 el pr\u00f3ximo 29 de febrero y finalizar\u00e1 el 16 de diciembre.<br \/>\n   As\u00ed lo anunci\u00f3 el ministro de Educaci\u00f3n de la Naci\u00f3n, Alberto Sileoni, al presidir la 67\u00b0 Asamblea del Consejo Federal.<br \/>\n   El funcionario destac\u00f3 que \u00abla fecha de inicio de las clases en 2016 fue acordada por las m\u00e1ximas autoridades educativas de las 24 jurisdicciones, entre ellos el futuro ministro de Educaci\u00f3n de la Naci\u00f3n, Esteban Bullrich\u00bb.<br \/>\n\u00abEl acompa\u00f1amiento un\u00e1nime de los ministros a la propuesta que hicimos desde la Naci\u00f3n de iniciar el a\u00f1o escolar el 29 de febrero de 2016 renueva el compromiso que asumimos en este Consejo, cuando emitimos la Resoluci\u00f3n N\u00b0 165 del 2011, referida a organizar calendarios que tiendan a los 190 d\u00edas de clases\u00bb, expres\u00f3 Sileoni.<br \/>\n   Adem\u00e1s, sostuvo que \u00absi uno mirara el sistema educativo desde el 2003 y pensara qu\u00e9 cosas debi\u00e9ramos hacer, me parece que gran parte de ellas son las que hicimos. Cuando digo \u2018hicimos\u2019 siempre pienso en este cuerpo de 25 ministros, que expresan la diversidad pol\u00edtica\u00bb.<br \/>\n   \u00abDesde la primera reuni\u00f3n de este Consejo, en mayo de 2003, hemos sostenido 99 reuniones. En ese sentido, hoy (por ayer) es un d\u00eda para celebrar esta construcci\u00f3n democr\u00e1tica y republicana\u00bb, agreg\u00f3.<\/p>\n","protected":false},"excerpt":{"rendered":"<p>(NA) &#8211; El Consejo Federal de Educaci\u00f3n, integrado por las m\u00e1ximas autoridades educativas de las 24 jurisdicciones, acordaron este mi\u00e9rcoles que el ciclo lectivo de 2016 comenzar\u00e1 el pr\u00f3ximo 29 de febrero y finalizar\u00e1 el 16 de diciembre. As\u00ed lo anunci\u00f3 el ministro de Educaci\u00f3n de la Naci\u00f3n, Alberto Sileoni, al presidir la 67\u00b0 Asamblea [&hellip;]<\/p>\n","protected":false},"author":4,"featured_media":485,"comment_status":"open","ping_status":"closed","sticky":false,"template":"","format":"standard","meta":{"om_disable_all_campaigns":false,"_jetpack_memberships_contains_paid_content":false,"footnotes":""},"categories":[3],"tags":[174,173,168],"class_list":["post-483","post","type-post","status-publish","format-standard","has-post-thumbnail","hentry","category-nacionales","tag-alberto-sileoni","tag-clases","tag-fin-de-ano"],"aioseo_notices":[],"gutentor_comment":0,"jetpack_featured_media_url":"https:\/\/eldiariodesanpedro.com.ar\/sitio\/wp-content\/uploads\/2015\/11\/Clases-29-febrero-Sileoni.jpg","jetpack_shortlink":"https:\/\/wp.me\/p6RhLt-7N","jetpack_sharing_enabled":true,"_links":{"self":[{"href":"https:\/\/eldiariodesanpedro.com.ar\/sitio\/wp-json\/wp\/v2\/posts\/483","targetHints":{"allow":["GET"]}}],"collection":[{"href":"https:\/\/eldiariodesanpedro.com.ar\/sitio\/wp-json\/wp\/v2\/posts"}],"about":[{"href":"https:\/\/eldiariodesanpedro.com.ar\/sitio\/wp-json\/wp\/v2\/types\/post"}],"author":[{"embeddable":true,"href":"https:\/\/eldiariodesanpedro.com.ar\/sitio\/wp-json\/wp\/v2\/users\/4"}],"replies":[{"embeddable":true,"href":"https:\/\/eldiariodesanpedro.com.ar\/sitio\/wp-json\/wp\/v2\/comments?post=483"}],"version-history":[{"count":1,"href":"https:\/\/eldiariodesanpedro.com.ar\/sitio\/wp-json\/wp\/v2\/posts\/483\/revisions"}],"predecessor-version":[{"id":486,"href":"https:\/\/eldiariodesanpedro.com.ar\/sitio\/wp-json\/wp\/v2\/posts\/483\/revisions\/486"}],"wp:featuredmedia":[{"embeddable":true,"href":"https:\/\/eldiariodesanpedro.com.ar\/sitio\/wp-json\/wp\/v2\/media\/485"}],"wp:attachment":[{"href":"https:\/\/eldiariodesanpedro.com.ar\/sitio\/wp-json\/wp\/v2\/media?parent=483"}],"wp:term":[{"taxonomy":"category","embeddable":true,"href":"https:\/\/eldiariodesanpedro.com.ar\/sitio\/wp-json\/wp\/v2\/categories?post=483"},{"taxonomy":"post_tag","embeddable":true,"href":"https:\/\/eldiariodesanpedro.com.ar\/sitio\/wp-json\/wp\/v2\/tags?post=483"}],"curies":[{"name":"wp","href":"https:\/\/api.w.org\/{rel}","templated":true}]}}