{"id":48299,"date":"2019-02-27T09:31:28","date_gmt":"2019-02-27T12:31:28","guid":{"rendered":"https:\/\/eldiariodesanpedro.com.ar\/sitio\/?p=48299"},"modified":"2019-02-27T09:31:39","modified_gmt":"2019-02-27T12:31:39","slug":"este-fin-de-semana-san-pedro-canta-2019","status":"publish","type":"post","link":"https:\/\/eldiariodesanpedro.com.ar\/sitio\/este-fin-de-semana-san-pedro-canta-2019\/","title":{"rendered":"Este fin de Semana: San Pedro Canta 2019"},"content":{"rendered":"<!-- VideographyWP Plugin Message: Automatic video embedding prevented by plugin options. -->\n\n<p>Una nueva edici\u00f3n de uno de los festivales con mas convocatoria en nuestra ciudad se desarrolla este sabado 2,  domingo 3 y lunes 4 de marzo en el Paseo Publico Municipal.<\/p>\n\n\n\n<p>Cientos de espectadores entre turistas y ciudadanos de nuestra localidad se acercaron al evento y disfrutaron de mucha m\u00fasica y bailes tradicionales de nuestro pa\u00eds en las dos ediciones anteriores. San Pedro Canta 2017 y 2018 fue un verdadero \u00e9xito.<\/p>\n\n\n\n<figure class=\"wp-block-image\"><img decoding=\"async\" width=\"720\" height=\"540\" data-attachment-id=\"48300\" data-permalink=\"https:\/\/eldiariodesanpedro.com.ar\/sitio\/este-fin-de-semana-san-pedro-canta-2019\/pagina-5-uno-5\/\" data-orig-file=\"https:\/\/eldiariodesanpedro.com.ar\/sitio\/wp-content\/uploads\/2019\/02\/PAGINA-5-UNO.jpg\" data-orig-size=\"720,540\" data-comments-opened=\"1\" data-image-meta=\"{&quot;aperture&quot;:&quot;0&quot;,&quot;credit&quot;:&quot;&quot;,&quot;camera&quot;:&quot;&quot;,&quot;caption&quot;:&quot;&quot;,&quot;created_timestamp&quot;:&quot;0&quot;,&quot;copyright&quot;:&quot;&quot;,&quot;focal_length&quot;:&quot;0&quot;,&quot;iso&quot;:&quot;0&quot;,&quot;shutter_speed&quot;:&quot;0&quot;,&quot;title&quot;:&quot;&quot;,&quot;orientation&quot;:&quot;0&quot;}\" data-image-title=\"PAGINA-5-UNO\" data-image-description=\"\" data-image-caption=\"\" data-large-file=\"https:\/\/eldiariodesanpedro.com.ar\/sitio\/wp-content\/uploads\/2019\/02\/PAGINA-5-UNO.jpg\" data-src=\"https:\/\/eldiariodesanpedro.com.ar\/sitio\/wp-content\/uploads\/2019\/02\/PAGINA-5-UNO.jpg\" alt=\"\" class=\"wp-image-48300 lazyload\" data-srcset=\"https:\/\/eldiariodesanpedro.com.ar\/sitio\/wp-content\/uploads\/2019\/02\/PAGINA-5-UNO.jpg 720w, https:\/\/eldiariodesanpedro.com.ar\/sitio\/wp-content\/uploads\/2019\/02\/PAGINA-5-UNO-300x225.jpg 300w\" data-sizes=\"(max-width: 720px) 100vw, 720px\" src=\"data:image\/svg+xml;base64,PHN2ZyB3aWR0aD0iMSIgaGVpZ2h0PSIxIiB4bWxucz0iaHR0cDovL3d3dy53My5vcmcvMjAwMC9zdmciPjwvc3ZnPg==\" style=\"--smush-placeholder-width: 720px; --smush-placeholder-aspect-ratio: 720\/540;\" \/><\/figure>\n\n\n\n<p>Este super fin de semana largo, feriado de carnaval  se desarrollara la tercera edici\u00f3n de San Pedro Canta en el Paseo Publico Municipal.<\/p>\n\n\n\n<p>Mas de 200 artistas pasaran por el escenario entre bailarines y m\u00fasicos, ademas habr\u00e1 ferias artesanales y el tradicional asador criollo para degustar.<\/p>\n\n\n\n<p>A partir del sabado 2 se podr\u00e1 compartir una pe\u00f1a al mediod\u00eda y a las 19 horas se espera la apertura en el escenario mayor.<\/p>\n\n\n\n<p>De la mano de un gran artista de nuestra ciudad como lo es Keko Gonzalez quien nos viene ofreciendo en distintas pe\u00f1as y festivales disfrutar de lo lindo que es nuestra m\u00fasica, disfrutar nuestras ra\u00edces con un marco de acci\u00f3n donde tambi\u00e9n incluye los instrumentos musicales, las artesan\u00edas, las vestimentas, los ritos, las creencias, las leyendas y las comidas.<\/p>\n\n\n\n<p>El domingo 3 nos compartir\u00e1 su Show siendo parte de su Festival:<\/p>\n\n\n\n<hr class=\"wp-block-separator\"\/>\n\n\n\n<figure class=\"wp-block-embed-facebook wp-block-embed is-type-video is-provider-facebook\"><div class=\"wp-block-embed__wrapper\">\n<div class=\"fb-video\" data-allowfullscreen=\"true\" data-href=\"https:\/\/www.facebook.com\/lapenadekeko\/videos\/2398600183699004\/?t=2\" style=\"background-color: #fff; display: inline-block;\"><\/div>\n<\/div><\/figure>\n\n\n\n<p>La entrada sera libre y gratuita.<\/p>\n\n\n\n<figure class=\"wp-block-image\"><img decoding=\"async\" width=\"960\" height=\"611\" data-attachment-id=\"48301\" data-permalink=\"https:\/\/eldiariodesanpedro.com.ar\/sitio\/este-fin-de-semana-san-pedro-canta-2019\/52929438_559854234512260_8924014907972648960_n\/\" data-orig-file=\"https:\/\/eldiariodesanpedro.com.ar\/sitio\/wp-content\/uploads\/2019\/02\/52929438_559854234512260_8924014907972648960_n.jpg\" data-orig-size=\"960,611\" data-comments-opened=\"1\" data-image-meta=\"{&quot;aperture&quot;:&quot;0&quot;,&quot;credit&quot;:&quot;&quot;,&quot;camera&quot;:&quot;&quot;,&quot;caption&quot;:&quot;&quot;,&quot;created_timestamp&quot;:&quot;0&quot;,&quot;copyright&quot;:&quot;&quot;,&quot;focal_length&quot;:&quot;0&quot;,&quot;iso&quot;:&quot;0&quot;,&quot;shutter_speed&quot;:&quot;0&quot;,&quot;title&quot;:&quot;&quot;,&quot;orientation&quot;:&quot;0&quot;}\" data-image-title=\"52929438_559854234512260_8924014907972648960_n\" data-image-description=\"\" data-image-caption=\"\" data-large-file=\"https:\/\/eldiariodesanpedro.com.ar\/sitio\/wp-content\/uploads\/2019\/02\/52929438_559854234512260_8924014907972648960_n.jpg\" data-src=\"https:\/\/eldiariodesanpedro.com.ar\/sitio\/wp-content\/uploads\/2019\/02\/52929438_559854234512260_8924014907972648960_n.jpg\" alt=\"\" class=\"wp-image-48301 lazyload\" data-srcset=\"https:\/\/eldiariodesanpedro.com.ar\/sitio\/wp-content\/uploads\/2019\/02\/52929438_559854234512260_8924014907972648960_n.jpg 960w, https:\/\/eldiariodesanpedro.com.ar\/sitio\/wp-content\/uploads\/2019\/02\/52929438_559854234512260_8924014907972648960_n-300x191.jpg 300w, https:\/\/eldiariodesanpedro.com.ar\/sitio\/wp-content\/uploads\/2019\/02\/52929438_559854234512260_8924014907972648960_n-768x489.jpg 768w\" data-sizes=\"(max-width: 960px) 100vw, 960px\" src=\"data:image\/svg+xml;base64,PHN2ZyB3aWR0aD0iMSIgaGVpZ2h0PSIxIiB4bWxucz0iaHR0cDovL3d3dy53My5vcmcvMjAwMC9zdmciPjwvc3ZnPg==\" style=\"--smush-placeholder-width: 960px; --smush-placeholder-aspect-ratio: 960\/611;\" \/><\/figure>\n","protected":false},"excerpt":{"rendered":"<p>Una nueva edici\u00f3n de uno de los festivales con mas convocatoria en nuestra ciudad se desarrolla este sabado 2, domingo 3 y lunes 4 de marzo en el Paseo Publico Municipal. Cientos de espectadores entre turistas y ciudadanos de nuestra localidad se acercaron al evento y disfrutaron de mucha m\u00fasica y bailes tradicionales de nuestro [&hellip;]<\/p>\n","protected":false},"author":4,"featured_media":48301,"comment_status":"open","ping_status":"closed","sticky":false,"template":"","format":"standard","meta":{"om_disable_all_campaigns":false,"_jetpack_memberships_contains_paid_content":false,"footnotes":""},"categories":[50,101,2],"tags":[],"class_list":["post-48299","post","type-post","status-publish","format-standard","has-post-thumbnail","hentry","category-destacadas","category-interes-general-locales","category-locales"],"aioseo_notices":[],"gutentor_comment":0,"jetpack_featured_media_url":"https:\/\/eldiariodesanpedro.com.ar\/sitio\/wp-content\/uploads\/2019\/02\/52929438_559854234512260_8924014907972648960_n.jpg","jetpack_shortlink":"https:\/\/wp.me\/p6RhLt-cz1","jetpack_sharing_enabled":true,"_links":{"self":[{"href":"https:\/\/eldiariodesanpedro.com.ar\/sitio\/wp-json\/wp\/v2\/posts\/48299","targetHints":{"allow":["GET"]}}],"collection":[{"href":"https:\/\/eldiariodesanpedro.com.ar\/sitio\/wp-json\/wp\/v2\/posts"}],"about":[{"href":"https:\/\/eldiariodesanpedro.com.ar\/sitio\/wp-json\/wp\/v2\/types\/post"}],"author":[{"embeddable":true,"href":"https:\/\/eldiariodesanpedro.com.ar\/sitio\/wp-json\/wp\/v2\/users\/4"}],"replies":[{"embeddable":true,"href":"https:\/\/eldiariodesanpedro.com.ar\/sitio\/wp-json\/wp\/v2\/comments?post=48299"}],"version-history":[{"count":1,"href":"https:\/\/eldiariodesanpedro.com.ar\/sitio\/wp-json\/wp\/v2\/posts\/48299\/revisions"}],"predecessor-version":[{"id":48302,"href":"https:\/\/eldiariodesanpedro.com.ar\/sitio\/wp-json\/wp\/v2\/posts\/48299\/revisions\/48302"}],"wp:featuredmedia":[{"embeddable":true,"href":"https:\/\/eldiariodesanpedro.com.ar\/sitio\/wp-json\/wp\/v2\/media\/48301"}],"wp:attachment":[{"href":"https:\/\/eldiariodesanpedro.com.ar\/sitio\/wp-json\/wp\/v2\/media?parent=48299"}],"wp:term":[{"taxonomy":"category","embeddable":true,"href":"https:\/\/eldiariodesanpedro.com.ar\/sitio\/wp-json\/wp\/v2\/categories?post=48299"},{"taxonomy":"post_tag","embeddable":true,"href":"https:\/\/eldiariodesanpedro.com.ar\/sitio\/wp-json\/wp\/v2\/tags?post=48299"}],"curies":[{"name":"wp","href":"https:\/\/api.w.org\/{rel}","templated":true}]}}