{"id":48297,"date":"2019-02-27T09:02:46","date_gmt":"2019-02-27T12:02:46","guid":{"rendered":"https:\/\/eldiariodesanpedro.com.ar\/sitio\/?p=48297"},"modified":"2019-02-27T09:02:54","modified_gmt":"2019-02-27T12:02:54","slug":"hcd-el-1o-de-marzo-sera-la-apertura-de-sesiones","status":"publish","type":"post","link":"https:\/\/eldiariodesanpedro.com.ar\/sitio\/hcd-el-1o-de-marzo-sera-la-apertura-de-sesiones\/","title":{"rendered":"HCD: El 1\u00ba de marzo sera la apertura de sesiones"},"content":{"rendered":"<!-- VideographyWP Plugin Message: Automatic video embedding prevented by plugin options. -->\n\n<p>Desde este a\u00f1o se adelanta un mes el per\u00edodo ordinario. A\u00fan restan definir aspectos de la organizaci\u00f3n del acto, pero ya tiene fecha. La primera sesi\u00f3n ser\u00e1 este viernes 1\u00ba de marzo.<br><\/p>\n\n\n\n<p>Con la modificaci\u00f3n de la Ley Org\u00e1nica de las Municipalidades, el per\u00edodo ordinario legislativo en los municipios se adelantar\u00e1 un mes desde este a\u00f1o. En nuestra ciudad ya se program\u00f3 para el viernes 1\u00ba de marzo el acto de apertura y all\u00ed, junto a la presidente del cuerpo, Monica Otero , estar\u00e1 el intendente Cecilio Salazar para brindar el tradicional discurso en que plantea, ante el cuerpo de concejales, un balance del a\u00f1o que pas\u00f3 y proyecta los lineamientos de gesti\u00f3n del a\u00f1o en curso.<\/p>\n\n\n\n<p>Restan definir algunos aspectos de la organizaci\u00f3n, pero en cumplimiento de la Ley 15.103 aprobada el a\u00f1o pasado por la Legislatura provincial, en marzo se iniciar\u00e1n las actividades oficiales del Concejo.&nbsp;<\/p>\n","protected":false},"excerpt":{"rendered":"<p>Desde este a\u00f1o se adelanta un mes el per\u00edodo ordinario. A\u00fan restan definir aspectos de la organizaci\u00f3n del acto, pero ya tiene fecha. La primera sesi\u00f3n ser\u00e1 este viernes 1\u00ba de marzo. Con la modificaci\u00f3n de la Ley Org\u00e1nica de las Municipalidades, el per\u00edodo ordinario legislativo en los municipios se adelantar\u00e1 un mes desde este [&hellip;]<\/p>\n","protected":false},"author":4,"featured_media":11566,"comment_status":"open","ping_status":"closed","sticky":false,"template":"","format":"standard","meta":{"om_disable_all_campaigns":false,"_jetpack_memberships_contains_paid_content":false,"footnotes":""},"categories":[50,2,102],"tags":[],"class_list":["post-48297","post","type-post","status-publish","format-standard","has-post-thumbnail","hentry","category-destacadas","category-locales","category-politica-locales"],"aioseo_notices":[],"gutentor_comment":0,"jetpack_featured_media_url":"https:\/\/eldiariodesanpedro.com.ar\/sitio\/wp-content\/uploads\/2016\/12\/El-HCD-aprob\u00f3-la-ordenanza-Fiscal-e-Impositiva.jpg","jetpack_shortlink":"https:\/\/wp.me\/p6RhLt-cyZ","jetpack_sharing_enabled":true,"_links":{"self":[{"href":"https:\/\/eldiariodesanpedro.com.ar\/sitio\/wp-json\/wp\/v2\/posts\/48297","targetHints":{"allow":["GET"]}}],"collection":[{"href":"https:\/\/eldiariodesanpedro.com.ar\/sitio\/wp-json\/wp\/v2\/posts"}],"about":[{"href":"https:\/\/eldiariodesanpedro.com.ar\/sitio\/wp-json\/wp\/v2\/types\/post"}],"author":[{"embeddable":true,"href":"https:\/\/eldiariodesanpedro.com.ar\/sitio\/wp-json\/wp\/v2\/users\/4"}],"replies":[{"embeddable":true,"href":"https:\/\/eldiariodesanpedro.com.ar\/sitio\/wp-json\/wp\/v2\/comments?post=48297"}],"version-history":[{"count":1,"href":"https:\/\/eldiariodesanpedro.com.ar\/sitio\/wp-json\/wp\/v2\/posts\/48297\/revisions"}],"predecessor-version":[{"id":48298,"href":"https:\/\/eldiariodesanpedro.com.ar\/sitio\/wp-json\/wp\/v2\/posts\/48297\/revisions\/48298"}],"wp:featuredmedia":[{"embeddable":true,"href":"https:\/\/eldiariodesanpedro.com.ar\/sitio\/wp-json\/wp\/v2\/media\/11566"}],"wp:attachment":[{"href":"https:\/\/eldiariodesanpedro.com.ar\/sitio\/wp-json\/wp\/v2\/media?parent=48297"}],"wp:term":[{"taxonomy":"category","embeddable":true,"href":"https:\/\/eldiariodesanpedro.com.ar\/sitio\/wp-json\/wp\/v2\/categories?post=48297"},{"taxonomy":"post_tag","embeddable":true,"href":"https:\/\/eldiariodesanpedro.com.ar\/sitio\/wp-json\/wp\/v2\/tags?post=48297"}],"curies":[{"name":"wp","href":"https:\/\/api.w.org\/{rel}","templated":true}]}}