{"id":48290,"date":"2019-02-26T11:58:37","date_gmt":"2019-02-26T14:58:37","guid":{"rendered":"https:\/\/eldiariodesanpedro.com.ar\/sitio\/?p=48290"},"modified":"2019-02-26T11:58:47","modified_gmt":"2019-02-26T14:58:47","slug":"provincia-miercoles-de-discusion-paritaria-docente-asi-lo-confirmo-el-gobierno-provincial","status":"publish","type":"post","link":"https:\/\/eldiariodesanpedro.com.ar\/sitio\/provincia-miercoles-de-discusion-paritaria-docente-asi-lo-confirmo-el-gobierno-provincial\/","title":{"rendered":"PROVINCIA: Mi\u00e9rcoles de discusi\u00f3n paritaria docente: as\u00ed lo confirm\u00f3 el gobierno provincial"},"content":{"rendered":"<!-- VideographyWP Plugin Message: Automatic video embedding prevented by plugin options. -->\n\n<p>Lo comunic\u00f3 a los gremios durante el encuentro que se desarroll\u00f3 en la Comisi\u00f3n T\u00e9cnica Salarial. Llevar\u00e1 una nueva propuesta para los maestros.<\/p>\n\n\n\n<p>El gobierno bonaerense convoc\u00f3 hoy a la segunda reuni\u00f3n paritaria docente 2019, en este caso para el pr\u00f3ximo mi\u00e9rcoles a las 12, con el objetivo de destrabar el conflicto.<\/p>\n\n\n\n<p>El llamado a paritaria fue confirmado por fuentes del Ejecutivo provincia, y la reuni\u00f3n ser\u00e1 en la sede del ministerio de Econom\u00eda, en La Plata.<\/p>\n\n\n\n<p>La nueva convocatoria fue anunciada por el gobierno esta tarde a los sindicatos docentes que participaron de la mesa t\u00e9cnica salarial.<\/p>\n\n\n\n<p>El gobierno ofreci\u00f3 a mitad de mes un aumento salarial atado a la inflaci\u00f3n, con una cl\u00e1usula gatillo de aplicaci\u00f3n mensual hasta marzo y trimestral (julio, septiembre y diciembre) a partir del cuarto mes del a\u00f1o.<\/p>\n\n\n\n<p>Los gremios la rechazaron y exigieron&nbsp;que a la oferta se le sume una mejora por la p\u00e9rdida salarial de 2018, a ra\u00edz de la alta inflaci\u00f3n.<\/p>\n\n\n\n<p>La propuesta fue presentada en el marco de la primera reuni\u00f3n paritaria salarial que estuvo interrumpida por m\u00e1s de dos horas luego de un escandaloso cruce entre sindicalistas y funcionarios.<\/p>\n","protected":false},"excerpt":{"rendered":"<p>Lo comunic\u00f3 a los gremios durante el encuentro que se desarroll\u00f3 en la Comisi\u00f3n T\u00e9cnica Salarial. Llevar\u00e1 una nueva propuesta para los maestros. El gobierno bonaerense convoc\u00f3 hoy a la segunda reuni\u00f3n paritaria docente 2019, en este caso para el pr\u00f3ximo mi\u00e9rcoles a las 12, con el objetivo de destrabar el conflicto. El llamado a [&hellip;]<\/p>\n","protected":false},"author":4,"featured_media":48291,"comment_status":"open","ping_status":"closed","sticky":false,"template":"","format":"standard","meta":{"om_disable_all_campaigns":false,"_jetpack_memberships_contains_paid_content":false,"footnotes":""},"categories":[621],"tags":[],"class_list":["post-48290","post","type-post","status-publish","format-standard","has-post-thumbnail","hentry","category-regionales"],"aioseo_notices":[],"gutentor_comment":0,"jetpack_featured_media_url":"https:\/\/eldiariodesanpedro.com.ar\/sitio\/wp-content\/uploads\/2019\/02\/95479_3_658x400.jpg","jetpack_shortlink":"https:\/\/wp.me\/p6RhLt-cyS","jetpack_sharing_enabled":true,"_links":{"self":[{"href":"https:\/\/eldiariodesanpedro.com.ar\/sitio\/wp-json\/wp\/v2\/posts\/48290","targetHints":{"allow":["GET"]}}],"collection":[{"href":"https:\/\/eldiariodesanpedro.com.ar\/sitio\/wp-json\/wp\/v2\/posts"}],"about":[{"href":"https:\/\/eldiariodesanpedro.com.ar\/sitio\/wp-json\/wp\/v2\/types\/post"}],"author":[{"embeddable":true,"href":"https:\/\/eldiariodesanpedro.com.ar\/sitio\/wp-json\/wp\/v2\/users\/4"}],"replies":[{"embeddable":true,"href":"https:\/\/eldiariodesanpedro.com.ar\/sitio\/wp-json\/wp\/v2\/comments?post=48290"}],"version-history":[{"count":1,"href":"https:\/\/eldiariodesanpedro.com.ar\/sitio\/wp-json\/wp\/v2\/posts\/48290\/revisions"}],"predecessor-version":[{"id":48292,"href":"https:\/\/eldiariodesanpedro.com.ar\/sitio\/wp-json\/wp\/v2\/posts\/48290\/revisions\/48292"}],"wp:featuredmedia":[{"embeddable":true,"href":"https:\/\/eldiariodesanpedro.com.ar\/sitio\/wp-json\/wp\/v2\/media\/48291"}],"wp:attachment":[{"href":"https:\/\/eldiariodesanpedro.com.ar\/sitio\/wp-json\/wp\/v2\/media?parent=48290"}],"wp:term":[{"taxonomy":"category","embeddable":true,"href":"https:\/\/eldiariodesanpedro.com.ar\/sitio\/wp-json\/wp\/v2\/categories?post=48290"},{"taxonomy":"post_tag","embeddable":true,"href":"https:\/\/eldiariodesanpedro.com.ar\/sitio\/wp-json\/wp\/v2\/tags?post=48290"}],"curies":[{"name":"wp","href":"https:\/\/api.w.org\/{rel}","templated":true}]}}