{"id":48280,"date":"2019-02-26T11:50:19","date_gmt":"2019-02-26T14:50:19","guid":{"rendered":"https:\/\/eldiariodesanpedro.com.ar\/sitio\/?p=48280"},"modified":"2019-02-26T11:50:29","modified_gmt":"2019-02-26T14:50:29","slug":"paro-de-ate-con-movilizacion-el-26-de-febrero","status":"publish","type":"post","link":"https:\/\/eldiariodesanpedro.com.ar\/sitio\/paro-de-ate-con-movilizacion-el-26-de-febrero\/","title":{"rendered":"Paro de ATE con movilizaci\u00f3n el 26 de febrero"},"content":{"rendered":"<!-- VideographyWP Plugin Message: Automatic video embedding prevented by plugin options. -->\n\n<p>\n\nLa conducci\u00f3n nacional de la Asociaci\u00f3n Trabajadores del Estado (ATE), que lidera Hugo Godoy, y los secretarios generales provinciales del gremio convocaron a un paro general con movilizaciones para el 26 de febrero en todo el pa\u00eds, en reclamo de \u201cla reapertura de la paritaria y la defensa del empleo\u201d y en rechazo a los despidos.<\/p>\n\n\n\n<p>Un comunicado de prensa firmado por Godoy indic\u00f3 que los estatales tambi\u00e9n protestar\u00e1n ese d\u00eda \u201cen defensa de la soberan\u00eda nacional\u201d y en rechazo de \u201clos tarifazos\u201d.<\/p>\n\n\n\n<p>De la movilizaci\u00f3n, tambi\u00e9n participar\u00e1n los gremios de la Central de los Trabajadores de la Argentina Aut\u00f3noma (CTAA), alineados con ese dirigente y el visitador m\u00e9dico Ricardo Peid\n\n<\/p>\n","protected":false},"excerpt":{"rendered":"<p>La conducci\u00f3n nacional de la Asociaci\u00f3n Trabajadores del Estado (ATE), que lidera Hugo Godoy, y los secretarios generales provinciales del gremio convocaron a un paro general con movilizaciones para el 26 de febrero en todo el pa\u00eds, en reclamo de \u201cla reapertura de la paritaria y la defensa del empleo\u201d y en rechazo a los [&hellip;]<\/p>\n","protected":false},"author":4,"featured_media":48281,"comment_status":"open","ping_status":"closed","sticky":false,"template":"","format":"standard","meta":{"om_disable_all_campaigns":false,"_jetpack_memberships_contains_paid_content":false,"footnotes":""},"categories":[621],"tags":[],"class_list":["post-48280","post","type-post","status-publish","format-standard","has-post-thumbnail","hentry","category-regionales"],"aioseo_notices":[],"gutentor_comment":0,"jetpack_featured_media_url":"https:\/\/eldiariodesanpedro.com.ar\/sitio\/wp-content\/uploads\/2019\/02\/no_cosyt9galuss6lresta.jpg","jetpack_shortlink":"https:\/\/wp.me\/p6RhLt-cyI","jetpack_sharing_enabled":true,"_links":{"self":[{"href":"https:\/\/eldiariodesanpedro.com.ar\/sitio\/wp-json\/wp\/v2\/posts\/48280","targetHints":{"allow":["GET"]}}],"collection":[{"href":"https:\/\/eldiariodesanpedro.com.ar\/sitio\/wp-json\/wp\/v2\/posts"}],"about":[{"href":"https:\/\/eldiariodesanpedro.com.ar\/sitio\/wp-json\/wp\/v2\/types\/post"}],"author":[{"embeddable":true,"href":"https:\/\/eldiariodesanpedro.com.ar\/sitio\/wp-json\/wp\/v2\/users\/4"}],"replies":[{"embeddable":true,"href":"https:\/\/eldiariodesanpedro.com.ar\/sitio\/wp-json\/wp\/v2\/comments?post=48280"}],"version-history":[{"count":1,"href":"https:\/\/eldiariodesanpedro.com.ar\/sitio\/wp-json\/wp\/v2\/posts\/48280\/revisions"}],"predecessor-version":[{"id":48282,"href":"https:\/\/eldiariodesanpedro.com.ar\/sitio\/wp-json\/wp\/v2\/posts\/48280\/revisions\/48282"}],"wp:featuredmedia":[{"embeddable":true,"href":"https:\/\/eldiariodesanpedro.com.ar\/sitio\/wp-json\/wp\/v2\/media\/48281"}],"wp:attachment":[{"href":"https:\/\/eldiariodesanpedro.com.ar\/sitio\/wp-json\/wp\/v2\/media?parent=48280"}],"wp:term":[{"taxonomy":"category","embeddable":true,"href":"https:\/\/eldiariodesanpedro.com.ar\/sitio\/wp-json\/wp\/v2\/categories?post=48280"},{"taxonomy":"post_tag","embeddable":true,"href":"https:\/\/eldiariodesanpedro.com.ar\/sitio\/wp-json\/wp\/v2\/tags?post=48280"}],"curies":[{"name":"wp","href":"https:\/\/api.w.org\/{rel}","templated":true}]}}