{"id":48275,"date":"2019-02-26T11:48:18","date_gmt":"2019-02-26T14:48:18","guid":{"rendered":"https:\/\/eldiariodesanpedro.com.ar\/sitio\/?p=48275"},"modified":"2019-02-26T11:48:32","modified_gmt":"2019-02-26T14:48:32","slug":"san-nicolas-desocupan-terrenos-usurpados-en-bo-avambae","status":"publish","type":"post","link":"https:\/\/eldiariodesanpedro.com.ar\/sitio\/san-nicolas-desocupan-terrenos-usurpados-en-bo-avambae\/","title":{"rendered":"SAN NICOL\u00c1S: Desocupan terrenos usurpados en B\u00ba Avamba\u00e9"},"content":{"rendered":"<!-- VideographyWP Plugin Message: Automatic video embedding prevented by plugin options. -->\n\n<p>\n\nPersonal policial de la Comisar\u00eda Segunda, Polic\u00eda Local y Comando de Patrullas acompa\u00f1\u00f3 a empleados municipales, quienes realizaron tareas de limpieza en terrenos de barrio Avamba\u00e9 que hab\u00edan sido usurpados.<\/p>\n\n\n\n<p>El predio es el que est\u00e1 ubicado sobre calle Victoria, Independencia y Aramburu. Su due\u00f1o, Carlos Nassivera, present\u00f3 los documentos correspondientes que acreditan su propiedad sobre las parcelas usurpadas.<\/p>\n\n\n\n<p>Unas treinta personas se hab\u00edan instalados en el lugar con carpas y hab\u00edan comenzado a realizar las demarcaciones para iniciar construcciones.&nbsp;<\/p>\n\n\n\n<p>Alrededor de las ocho de la ma\u00f1ana de este martes, personal municipal se present\u00f3 en el predio acompa\u00f1ados por efectivos policiales y las familias que estaban all\u00ed se retiraron pac\u00edficamente. <\/p>\n\n\n\n<p>Fuente: Diario El Informante<\/p>\n\n\n\n<figure class=\"wp-block-image\"><img decoding=\"async\" width=\"700\" height=\"394\" data-attachment-id=\"48278\" data-permalink=\"https:\/\/eldiariodesanpedro.com.ar\/sitio\/san-nicolas-desocupan-terrenos-usurpados-en-bo-avambae\/no_hz3kzt11l2ptn3kusurp2\/\" data-orig-file=\"https:\/\/eldiariodesanpedro.com.ar\/sitio\/wp-content\/uploads\/2019\/02\/no_hz3kzt11l2ptn3kusurp2.jpg\" data-orig-size=\"700,394\" data-comments-opened=\"1\" data-image-meta=\"{&quot;aperture&quot;:&quot;0&quot;,&quot;credit&quot;:&quot;&quot;,&quot;camera&quot;:&quot;&quot;,&quot;caption&quot;:&quot;&quot;,&quot;created_timestamp&quot;:&quot;0&quot;,&quot;copyright&quot;:&quot;&quot;,&quot;focal_length&quot;:&quot;0&quot;,&quot;iso&quot;:&quot;0&quot;,&quot;shutter_speed&quot;:&quot;0&quot;,&quot;title&quot;:&quot;&quot;,&quot;orientation&quot;:&quot;0&quot;}\" data-image-title=\"no_hz3kzt11l2ptn3kusurp2\" data-image-description=\"\" data-image-caption=\"\" data-large-file=\"https:\/\/eldiariodesanpedro.com.ar\/sitio\/wp-content\/uploads\/2019\/02\/no_hz3kzt11l2ptn3kusurp2.jpg\" data-src=\"https:\/\/eldiariodesanpedro.com.ar\/sitio\/wp-content\/uploads\/2019\/02\/no_hz3kzt11l2ptn3kusurp2.jpg\" alt=\"\" class=\"wp-image-48278 lazyload\" data-srcset=\"https:\/\/eldiariodesanpedro.com.ar\/sitio\/wp-content\/uploads\/2019\/02\/no_hz3kzt11l2ptn3kusurp2.jpg 700w, https:\/\/eldiariodesanpedro.com.ar\/sitio\/wp-content\/uploads\/2019\/02\/no_hz3kzt11l2ptn3kusurp2-300x169.jpg 300w\" data-sizes=\"(max-width: 700px) 100vw, 700px\" src=\"data:image\/svg+xml;base64,PHN2ZyB3aWR0aD0iMSIgaGVpZ2h0PSIxIiB4bWxucz0iaHR0cDovL3d3dy53My5vcmcvMjAwMC9zdmciPjwvc3ZnPg==\" style=\"--smush-placeholder-width: 700px; --smush-placeholder-aspect-ratio: 700\/394;\" \/><\/figure>\n\n\n\n<figure class=\"wp-block-image\"><img decoding=\"async\" width=\"700\" height=\"394\" data-attachment-id=\"48276\" data-permalink=\"https:\/\/eldiariodesanpedro.com.ar\/sitio\/san-nicolas-desocupan-terrenos-usurpados-en-bo-avambae\/no_7jb3guftlbn8cukusurp1\/\" data-orig-file=\"https:\/\/eldiariodesanpedro.com.ar\/sitio\/wp-content\/uploads\/2019\/02\/no_7jb3guftlbn8cukusurp1.jpg\" data-orig-size=\"700,394\" data-comments-opened=\"1\" data-image-meta=\"{&quot;aperture&quot;:&quot;0&quot;,&quot;credit&quot;:&quot;&quot;,&quot;camera&quot;:&quot;&quot;,&quot;caption&quot;:&quot;&quot;,&quot;created_timestamp&quot;:&quot;0&quot;,&quot;copyright&quot;:&quot;&quot;,&quot;focal_length&quot;:&quot;0&quot;,&quot;iso&quot;:&quot;0&quot;,&quot;shutter_speed&quot;:&quot;0&quot;,&quot;title&quot;:&quot;&quot;,&quot;orientation&quot;:&quot;0&quot;}\" data-image-title=\"no_7jb3guftlbn8cukusurp1\" data-image-description=\"\" data-image-caption=\"\" data-large-file=\"https:\/\/eldiariodesanpedro.com.ar\/sitio\/wp-content\/uploads\/2019\/02\/no_7jb3guftlbn8cukusurp1.jpg\" data-src=\"https:\/\/eldiariodesanpedro.com.ar\/sitio\/wp-content\/uploads\/2019\/02\/no_7jb3guftlbn8cukusurp1.jpg\" alt=\"\" class=\"wp-image-48276 lazyload\" data-srcset=\"https:\/\/eldiariodesanpedro.com.ar\/sitio\/wp-content\/uploads\/2019\/02\/no_7jb3guftlbn8cukusurp1.jpg 700w, https:\/\/eldiariodesanpedro.com.ar\/sitio\/wp-content\/uploads\/2019\/02\/no_7jb3guftlbn8cukusurp1-300x169.jpg 300w\" data-sizes=\"(max-width: 700px) 100vw, 700px\" src=\"data:image\/svg+xml;base64,PHN2ZyB3aWR0aD0iMSIgaGVpZ2h0PSIxIiB4bWxucz0iaHR0cDovL3d3dy53My5vcmcvMjAwMC9zdmciPjwvc3ZnPg==\" style=\"--smush-placeholder-width: 700px; --smush-placeholder-aspect-ratio: 700\/394;\" \/><\/figure>\n","protected":false},"excerpt":{"rendered":"<p>Personal policial de la Comisar\u00eda Segunda, Polic\u00eda Local y Comando de Patrullas acompa\u00f1\u00f3 a empleados municipales, quienes realizaron tareas de limpieza en terrenos de barrio Avamba\u00e9 que hab\u00edan sido usurpados. El predio es el que est\u00e1 ubicado sobre calle Victoria, Independencia y Aramburu. Su due\u00f1o, Carlos Nassivera, present\u00f3 los documentos correspondientes que acreditan su propiedad [&hellip;]<\/p>\n","protected":false},"author":4,"featured_media":48277,"comment_status":"open","ping_status":"closed","sticky":false,"template":"","format":"standard","meta":{"om_disable_all_campaigns":false,"_jetpack_memberships_contains_paid_content":false,"footnotes":""},"categories":[621],"tags":[],"class_list":["post-48275","post","type-post","status-publish","format-standard","has-post-thumbnail","hentry","category-regionales"],"aioseo_notices":[],"gutentor_comment":0,"jetpack_featured_media_url":"https:\/\/eldiariodesanpedro.com.ar\/sitio\/wp-content\/uploads\/2019\/02\/no_a4ofdeai212l62uusurp.jpg","jetpack_shortlink":"https:\/\/wp.me\/p6RhLt-cyD","jetpack_sharing_enabled":true,"_links":{"self":[{"href":"https:\/\/eldiariodesanpedro.com.ar\/sitio\/wp-json\/wp\/v2\/posts\/48275","targetHints":{"allow":["GET"]}}],"collection":[{"href":"https:\/\/eldiariodesanpedro.com.ar\/sitio\/wp-json\/wp\/v2\/posts"}],"about":[{"href":"https:\/\/eldiariodesanpedro.com.ar\/sitio\/wp-json\/wp\/v2\/types\/post"}],"author":[{"embeddable":true,"href":"https:\/\/eldiariodesanpedro.com.ar\/sitio\/wp-json\/wp\/v2\/users\/4"}],"replies":[{"embeddable":true,"href":"https:\/\/eldiariodesanpedro.com.ar\/sitio\/wp-json\/wp\/v2\/comments?post=48275"}],"version-history":[{"count":1,"href":"https:\/\/eldiariodesanpedro.com.ar\/sitio\/wp-json\/wp\/v2\/posts\/48275\/revisions"}],"predecessor-version":[{"id":48279,"href":"https:\/\/eldiariodesanpedro.com.ar\/sitio\/wp-json\/wp\/v2\/posts\/48275\/revisions\/48279"}],"wp:featuredmedia":[{"embeddable":true,"href":"https:\/\/eldiariodesanpedro.com.ar\/sitio\/wp-json\/wp\/v2\/media\/48277"}],"wp:attachment":[{"href":"https:\/\/eldiariodesanpedro.com.ar\/sitio\/wp-json\/wp\/v2\/media?parent=48275"}],"wp:term":[{"taxonomy":"category","embeddable":true,"href":"https:\/\/eldiariodesanpedro.com.ar\/sitio\/wp-json\/wp\/v2\/categories?post=48275"},{"taxonomy":"post_tag","embeddable":true,"href":"https:\/\/eldiariodesanpedro.com.ar\/sitio\/wp-json\/wp\/v2\/tags?post=48275"}],"curies":[{"name":"wp","href":"https:\/\/api.w.org\/{rel}","templated":true}]}}