{"id":4826,"date":"2016-05-30T19:11:00","date_gmt":"2016-05-30T22:11:00","guid":{"rendered":"https:\/\/eldiariodesanpedro.com.ar\/sitio\/?p=4826"},"modified":"2016-05-30T19:11:00","modified_gmt":"2016-05-30T22:11:00","slug":"giovanettoni-critico-fuertemente-a-los-concejales-de-cambiemos-luego-de-la-sesion-del-hcd-del-jueves","status":"publish","type":"post","link":"https:\/\/eldiariodesanpedro.com.ar\/sitio\/giovanettoni-critico-fuertemente-a-los-concejales-de-cambiemos-luego-de-la-sesion-del-hcd-del-jueves\/","title":{"rendered":"Giovanettoni critic\u00f3 fuertemente a los concejales de Cambiemos luego de la sesi\u00f3n del HCD del jueves"},"content":{"rendered":"<p><!-- VideographyWP Plugin Message: Automatic video embedding prevented by plugin options. --><br \/>\nEl exintendente de San Pedro utiliz\u00f3 su cuenta de Facebook para realizar una serie de publicaciones de fuerte contenido pol\u00edtico, criticando a los ediles oficialistas tras la \u00faltima sesi\u00f3n que se llev\u00f3 a cabo el jueves pasado.<br \/>\nCabe recordar que fue rechazada la rendici\u00f3n de cuentas de su gesti\u00f3n y en tal sentido expres\u00f3: \u00abEscuchando los comentarios de algunos concejales el jueves pasado, en momentos en que se analizaba la Rendici\u00f3n de Cuentas del Ejercicio 2015, sorprende el desconocimiento o maldad pol\u00edtica, prefiero considerar la primera opci\u00f3n, al momento de analizar n\u00famero del EJERCICIO, confundir el acumulado con lo del a\u00f1o, hablar de cifras que no son tales, hablar del cierre anual con d\u00e9ficit, \u00bfqu\u00e9 esperaban? Obvio que el ejercicio ser\u00eda deficitario, cuando los recursos propios no llegaron al 20 por ciento del total\u00bb.<br \/>\nY luego asegur\u00f3: \u00abEs f\u00e1cil, muy f\u00e1cil gobernar con mayor\u00eda en el HCD, con un aumento de tasas MONUMENTAL, negado anteriormente, seguramente ahora disminuyeron abruptamente las horas extras, y las guardias m\u00e9dicas, no se paga m\u00e1s escalonadamente, no se usa el fondo educativo, se cumple a full con la ordenanza fiscal impositiva, que entre otras cosas habla del cobro del estacionamiento medido, seguramente disminuyeron los cargos pol\u00edticos y la planta de empleados, seguramente armaron un grupo compacto de gabinete sin fisuras y sin denunciantes de su propia gesti\u00f3n\u00bb<br \/>\nEn tanto que agreg\u00f3: \u00abSeguramente estos 5 meses TODO ha cambiado al mil por mil, qu\u00e9 bueno, celebro que as\u00ed sea. \u00bfQue no fue as\u00ed?, bueno, paciencia, tiempo al tiempo, cuesta ordenar todo, lleva su tiempo, se necesita de todos, los mismos, o casi todos, que piden estos gestos ANTES NO LO DIERON SOLO por mezquindad pol\u00edtica. Memoria, solo pido memoria\u00bb.<br \/>\nTambi\u00e9n tuvo un apartado especial para el presidente del HCD: \u00abEl Jueves pasado escuch\u00e9 a su presidente, el concejal Mario Barbieri, dando lecciones pr\u00e1cticas de pol\u00edtica, qu\u00e9 debiera haber hecho y qu\u00e9 no, en mi paso como intendente. SORPRENDENTE que no se llame a silencio y que cumpla el tiempo que le queda como concejal aportando y trabajando para la comunidad sin criticar al otro, o al menos hacerlo en presencia de la persona a la que se hace referencia. NUNCA en mi presencia me dijo nada, concejal, hubiera sido bueno que lo hiciera, oportunidades tuvo, hubiera sido productivo escuchar sus consejos y opiniones, de paso me contaba un poco de la causa que lo tiene procesado por la \u2018insignificancia\u2019 del faltante de \u2018un par de casas\u2019, en un barrio de San Pedro, creo que pretendi\u00f3 que prescriba la causa y no pudo, \u00bfno? Lo bueno de vivir en comunidades chicas como la nuestra es que nos conocemos \u00abtodos\u00bb, y m\u00e1s aquellos que pasaron o est\u00e1n en la funci\u00f3n p\u00fablica, \u00bfno, Mario?\u00bb.<\/p>\n<p>Cr\u00edticas a Sergio Rosa<\/p>\n<p>\u00abEnterado del nombramiento del doctor Sergio Rosa en el ANSES y sus primeras declaraciones, donde manifest\u00f3 que el se\u00f1or intendente le pidi\u00f3 desdoblar \u201cesfuerzos\u201d en su nueva funci\u00f3n y la de concejal municipal, me permito hacer algunas consideraciones\u00bb, dijo el exmandatario comunal.<br \/>\nEn principio, consider\u00f3: \u201cSi hay algo que en estos \u00faltimos a\u00f1os no ha hecho el concejal Rosa es  \u2018esforzarse\u2019 para cumplir con su rol de concejal. Basta con verificar el libro de asistencias a las distintas comisiones de al menos los \u00faltimos 2 a\u00f1os y podr\u00e1 verse las notorias y continuadas ausencias del mismo, incluso en algunas siendo presidente. As\u00ed que por el tema de seguir \u2018esforz\u00e1ndose\u2019 no tendr\u00e1 problemas, solo bastar\u00e1 que siga como hasta ahora, es decir ausent\u00e1ndose del d\u00eda a d\u00eda del HCD\u201d.<br \/>\nLuego, manifest\u00f3: \u201cSi por una acci\u00f3n milagrosa, el concejal quisiera cumplir, como debe ser, en el HCD, es decir participando de las reuniones de comisiones de las que forma parte, \u00bfc\u00f3mo lo har\u00eda si la carga horaria de su nueva funci\u00f3n se superpone con los habituales horarios de las reuniones de comisiones? Cu\u00e1nta hipocres\u00edaaa\u201d.<br \/>\nEn tercer lugar, dijo: \u201cEl concejal Rosa, \u00bfes el mismo que SIEMPRE habl\u00f3 de la llegada a cargos p\u00fablicos POR CONCURSO y no por AFINIDAD POL\u00cdTICA? \u00bfQU\u00c9 PAS\u00d3?, no quiero pensar que cambi\u00f3 de idea por conveniencia. Recuerdo cuando junto con su compa\u00f1ero de banca, el doctor Mario S\u00e1nchez Negrete, hablaban siempre de esta cuesti\u00f3n. CLARO que esta no es la primera vez que cambian \u201cbruscamente\u201d de opini\u00f3n. No fue el doctor Rosa el que lider\u00f3 el voto negativo en su momento a la designaci\u00f3n como Juez de Faltas del Dr. Jos\u00e9 Macchia, argumentando FALTA DE CONCURSO y la INEXISTENCIA de una terna, y hace poco VOT\u00d3 al actual Juez de Faltas sin que existiera concurso, incoherente por donde se lo mire\u201d.<br \/>\nY sentenci\u00f3: \u201cMemoria doctor, memoria, uno debe llevar a la pr\u00e1ctica lo que pregona y no ajustar sus dichos de acuerdo a conveniencias. OJO ES UNA CR\u00cdTICA AL FUNCIONARIO NO PERSONAL EHHHH!!!!!\u201d.<\/p>\n","protected":false},"excerpt":{"rendered":"<p>El exintendente de San Pedro utiliz\u00f3 su cuenta de Facebook para realizar una serie de publicaciones de fuerte contenido pol\u00edtico, criticando a los ediles oficialistas tras la \u00faltima sesi\u00f3n que se llev\u00f3 a cabo el jueves pasado. Cabe recordar que fue rechazada la rendici\u00f3n de cuentas de su gesti\u00f3n y en tal sentido expres\u00f3: \u00abEscuchando [&hellip;]<\/p>\n","protected":false},"author":4,"featured_media":4827,"comment_status":"open","ping_status":"closed","sticky":false,"template":"","format":"standard","meta":{"om_disable_all_campaigns":false,"_jetpack_memberships_contains_paid_content":false,"footnotes":""},"categories":[50,2,102],"tags":[],"class_list":["post-4826","post","type-post","status-publish","format-standard","has-post-thumbnail","hentry","category-destacadas","category-locales","category-politica-locales"],"aioseo_notices":[],"gutentor_comment":0,"jetpack_featured_media_url":"https:\/\/eldiariodesanpedro.com.ar\/sitio\/wp-content\/uploads\/2016\/05\/PAGINA-5-10.jpg","jetpack_shortlink":"https:\/\/wp.me\/p6RhLt-1fQ","jetpack_sharing_enabled":true,"_links":{"self":[{"href":"https:\/\/eldiariodesanpedro.com.ar\/sitio\/wp-json\/wp\/v2\/posts\/4826","targetHints":{"allow":["GET"]}}],"collection":[{"href":"https:\/\/eldiariodesanpedro.com.ar\/sitio\/wp-json\/wp\/v2\/posts"}],"about":[{"href":"https:\/\/eldiariodesanpedro.com.ar\/sitio\/wp-json\/wp\/v2\/types\/post"}],"author":[{"embeddable":true,"href":"https:\/\/eldiariodesanpedro.com.ar\/sitio\/wp-json\/wp\/v2\/users\/4"}],"replies":[{"embeddable":true,"href":"https:\/\/eldiariodesanpedro.com.ar\/sitio\/wp-json\/wp\/v2\/comments?post=4826"}],"version-history":[{"count":1,"href":"https:\/\/eldiariodesanpedro.com.ar\/sitio\/wp-json\/wp\/v2\/posts\/4826\/revisions"}],"predecessor-version":[{"id":4828,"href":"https:\/\/eldiariodesanpedro.com.ar\/sitio\/wp-json\/wp\/v2\/posts\/4826\/revisions\/4828"}],"wp:featuredmedia":[{"embeddable":true,"href":"https:\/\/eldiariodesanpedro.com.ar\/sitio\/wp-json\/wp\/v2\/media\/4827"}],"wp:attachment":[{"href":"https:\/\/eldiariodesanpedro.com.ar\/sitio\/wp-json\/wp\/v2\/media?parent=4826"}],"wp:term":[{"taxonomy":"category","embeddable":true,"href":"https:\/\/eldiariodesanpedro.com.ar\/sitio\/wp-json\/wp\/v2\/categories?post=4826"},{"taxonomy":"post_tag","embeddable":true,"href":"https:\/\/eldiariodesanpedro.com.ar\/sitio\/wp-json\/wp\/v2\/tags?post=4826"}],"curies":[{"name":"wp","href":"https:\/\/api.w.org\/{rel}","templated":true}]}}