{"id":48239,"date":"2019-02-26T11:11:40","date_gmt":"2019-02-26T14:11:40","guid":{"rendered":"https:\/\/eldiariodesanpedro.com.ar\/sitio\/?p=48239"},"modified":"2019-02-26T11:11:50","modified_gmt":"2019-02-26T14:11:50","slug":"san-pedro-volvera-a-estar-presente-en-expoagro","status":"publish","type":"post","link":"https:\/\/eldiariodesanpedro.com.ar\/sitio\/san-pedro-volvera-a-estar-presente-en-expoagro\/","title":{"rendered":"San Pedro volver\u00e1 a estar presente en Expoagro"},"content":{"rendered":"<!-- VideographyWP Plugin Message: Automatic video embedding prevented by plugin options. -->\n\n<p> Avanzan los preparativos para una nueva edici\u00f3n Expoagro 2019, que se realizar\u00e1 del 12 al 15 de marzo, reuniendo a todos los sectores relacionados con el campo, la producci\u00f3n y los servicios vinculados con la actividad. La 12\u00aa edici\u00f3n de la expo se desarrollar\u00e1 en el predio ferial y aut\u00f3dromo de San Nicol\u00e1s presentado el a\u00f1o pasado como un espacio estable sobre el kil\u00f3metro 225 de la autopista Rosario-Buenos Aires.<\/p>\n\n\n\n<p>\u201cLa capital nacional de los agro negocios, mucho m\u00e1s que la gran expo de nuestro agro\u201d es el slogan elegido para promocionar la primera gran muestra del campo argentino.<\/p>\n\n\n\n<p>La Municipalidad de San Pedro ha sido nuevamente invitada a estar presente con un stand propio y la organizaci\u00f3n y coordinaci\u00f3n de las actividades correr\u00e1 por cuenta de la Secretar\u00eda de Desarrollo Econ\u00f3mico que se encuentra trabajando en una agenda de actividades y en la invitaci\u00f3n de empresas e instituciones para que participen.<\/p>\n\n\n\n<p>En los \u00faltimos tres a\u00f1os la concurrencia a la Expo ha servido para fortalecer v\u00ednculos con otros municipios y organismos, adem\u00e1s de promover el turismo y el inter\u00e9s por la zona.<\/p>\n\n\n\n<p>San Pedro dispone de una parcela de 300 metros cuadrados sobre la calle 12 del predio, que ser\u00e1 utilizado para proponer charlas, actividades y una promoci\u00f3n amplia de todo lo que el Partido de San Pedro tiene para ofrecer productiva, tur\u00edstica y culturalmente.<\/p>\n\n\n\n<p>En los pr\u00f3ximos d\u00edas cuando la fecha se aproxime se brindar\u00e1n mayores detalles sobre esta participaci\u00f3n. <\/p>\n\n\n\n<figure class=\"wp-block-image\"><img decoding=\"async\" width=\"1024\" height=\"698\" data-attachment-id=\"48251\" data-permalink=\"https:\/\/eldiariodesanpedro.com.ar\/sitio\/san-pedro-volvera-a-estar-presente-en-expoagro\/whatsapp-image-2019-02-26-at-10-13-45-1\/\" data-orig-file=\"https:\/\/eldiariodesanpedro.com.ar\/sitio\/wp-content\/uploads\/2019\/02\/WhatsApp-Image-2019-02-26-at-10.13.45-1.jpeg\" data-orig-size=\"1280,873\" data-comments-opened=\"1\" data-image-meta=\"{&quot;aperture&quot;:&quot;0&quot;,&quot;credit&quot;:&quot;&quot;,&quot;camera&quot;:&quot;&quot;,&quot;caption&quot;:&quot;&quot;,&quot;created_timestamp&quot;:&quot;0&quot;,&quot;copyright&quot;:&quot;&quot;,&quot;focal_length&quot;:&quot;0&quot;,&quot;iso&quot;:&quot;0&quot;,&quot;shutter_speed&quot;:&quot;0&quot;,&quot;title&quot;:&quot;&quot;,&quot;orientation&quot;:&quot;0&quot;}\" data-image-title=\"WhatsApp Image 2019-02-26 at 10.13.45 (1)\" data-image-description=\"\" data-image-caption=\"\" data-large-file=\"https:\/\/eldiariodesanpedro.com.ar\/sitio\/wp-content\/uploads\/2019\/02\/WhatsApp-Image-2019-02-26-at-10.13.45-1-1024x698.jpeg\" data-src=\"https:\/\/eldiariodesanpedro.com.ar\/sitio\/wp-content\/uploads\/2019\/02\/WhatsApp-Image-2019-02-26-at-10.13.45-1-1024x698.jpeg\" alt=\"\" class=\"wp-image-48251 lazyload\" data-srcset=\"https:\/\/eldiariodesanpedro.com.ar\/sitio\/wp-content\/uploads\/2019\/02\/WhatsApp-Image-2019-02-26-at-10.13.45-1-1024x698.jpeg 1024w, https:\/\/eldiariodesanpedro.com.ar\/sitio\/wp-content\/uploads\/2019\/02\/WhatsApp-Image-2019-02-26-at-10.13.45-1-300x205.jpeg 300w, https:\/\/eldiariodesanpedro.com.ar\/sitio\/wp-content\/uploads\/2019\/02\/WhatsApp-Image-2019-02-26-at-10.13.45-1-768x524.jpeg 768w, https:\/\/eldiariodesanpedro.com.ar\/sitio\/wp-content\/uploads\/2019\/02\/WhatsApp-Image-2019-02-26-at-10.13.45-1-130x90.jpeg 130w, https:\/\/eldiariodesanpedro.com.ar\/sitio\/wp-content\/uploads\/2019\/02\/WhatsApp-Image-2019-02-26-at-10.13.45-1.jpeg 1280w\" data-sizes=\"(max-width: 1024px) 100vw, 1024px\" src=\"data:image\/svg+xml;base64,PHN2ZyB3aWR0aD0iMSIgaGVpZ2h0PSIxIiB4bWxucz0iaHR0cDovL3d3dy53My5vcmcvMjAwMC9zdmciPjwvc3ZnPg==\" style=\"--smush-placeholder-width: 1024px; --smush-placeholder-aspect-ratio: 1024\/698;\" \/><\/figure>\n","protected":false},"excerpt":{"rendered":"<p>Avanzan los preparativos para una nueva edici\u00f3n Expoagro 2019, que se realizar\u00e1 del 12 al 15 de marzo, reuniendo a todos los sectores relacionados con el campo, la producci\u00f3n y los servicios vinculados con la actividad. La 12\u00aa edici\u00f3n de la expo se desarrollar\u00e1 en el predio ferial y aut\u00f3dromo de San Nicol\u00e1s presentado el [&hellip;]<\/p>\n","protected":false},"author":4,"featured_media":48252,"comment_status":"open","ping_status":"closed","sticky":false,"template":"","format":"standard","meta":{"om_disable_all_campaigns":false,"_jetpack_memberships_contains_paid_content":false,"footnotes":""},"categories":[101,2],"tags":[],"class_list":["post-48239","post","type-post","status-publish","format-standard","has-post-thumbnail","hentry","category-interes-general-locales","category-locales"],"aioseo_notices":[],"gutentor_comment":0,"jetpack_featured_media_url":"https:\/\/eldiariodesanpedro.com.ar\/sitio\/wp-content\/uploads\/2019\/02\/WhatsApp-Image-2019-02-26-at-10.13.45.jpeg","jetpack_shortlink":"https:\/\/wp.me\/p6RhLt-cy3","jetpack_sharing_enabled":true,"_links":{"self":[{"href":"https:\/\/eldiariodesanpedro.com.ar\/sitio\/wp-json\/wp\/v2\/posts\/48239","targetHints":{"allow":["GET"]}}],"collection":[{"href":"https:\/\/eldiariodesanpedro.com.ar\/sitio\/wp-json\/wp\/v2\/posts"}],"about":[{"href":"https:\/\/eldiariodesanpedro.com.ar\/sitio\/wp-json\/wp\/v2\/types\/post"}],"author":[{"embeddable":true,"href":"https:\/\/eldiariodesanpedro.com.ar\/sitio\/wp-json\/wp\/v2\/users\/4"}],"replies":[{"embeddable":true,"href":"https:\/\/eldiariodesanpedro.com.ar\/sitio\/wp-json\/wp\/v2\/comments?post=48239"}],"version-history":[{"count":1,"href":"https:\/\/eldiariodesanpedro.com.ar\/sitio\/wp-json\/wp\/v2\/posts\/48239\/revisions"}],"predecessor-version":[{"id":48253,"href":"https:\/\/eldiariodesanpedro.com.ar\/sitio\/wp-json\/wp\/v2\/posts\/48239\/revisions\/48253"}],"wp:featuredmedia":[{"embeddable":true,"href":"https:\/\/eldiariodesanpedro.com.ar\/sitio\/wp-json\/wp\/v2\/media\/48252"}],"wp:attachment":[{"href":"https:\/\/eldiariodesanpedro.com.ar\/sitio\/wp-json\/wp\/v2\/media?parent=48239"}],"wp:term":[{"taxonomy":"category","embeddable":true,"href":"https:\/\/eldiariodesanpedro.com.ar\/sitio\/wp-json\/wp\/v2\/categories?post=48239"},{"taxonomy":"post_tag","embeddable":true,"href":"https:\/\/eldiariodesanpedro.com.ar\/sitio\/wp-json\/wp\/v2\/tags?post=48239"}],"curies":[{"name":"wp","href":"https:\/\/api.w.org\/{rel}","templated":true}]}}