{"id":47965,"date":"2019-02-21T11:35:26","date_gmt":"2019-02-21T14:35:26","guid":{"rendered":"https:\/\/eldiariodesanpedro.com.ar\/sitio\/?p=47965"},"modified":"2019-02-21T11:35:36","modified_gmt":"2019-02-21T14:35:36","slug":"se-firmo-el-convenio-para-la-segunda-etapa-de-las-obras-en-la-escuela-1","status":"publish","type":"post","link":"https:\/\/eldiariodesanpedro.com.ar\/sitio\/se-firmo-el-convenio-para-la-segunda-etapa-de-las-obras-en-la-escuela-1\/","title":{"rendered":"Se firmo el convenio para la segunda etapa de las obras en la escuela 1"},"content":{"rendered":"<!-- VideographyWP Plugin Message: Automatic video embedding prevented by plugin options. -->\n\n<p>As\u00ed fue como esta ma\u00f1ana en el despacho del Intendente Salazar se firmo la documentaci\u00f3n por la continuaci\u00f3n de las obras en la Escuela Primaria N\u00ba 51 y Secundaria N\u00ba 58 que funcionan en el edificio de Mitre y Liniers, con un presupuesto de 10 millones de pesos,  que hab\u00eda comenzado con la reparaci\u00f3n de ba\u00f1os y seguir\u00e1 con reparaciones en patio, cocina y renovaci\u00f3n de la fachada del establecimiento.<\/p>\n\n\n\n<p>En dialogo con los medios locales presentes, el presidente del Consejo Escolar, Gustavo Lillof informaba \u00abes una obra muy esperada, la escuela 1 es un casco hist\u00f3rico, ya se hab\u00eda iniciado anteriormente con los ba\u00f1os y ahora se seguir\u00e1 con la segunda etapa que se coordino en funci\u00f3n con la necesidad que tiene la escuela como informaron los directivos del establecimiento, son mas de 10 millones de pesos de inversi\u00f3n, hoy por hoy seria necesario comenzar con la fachada pero primero vamos a comenzar con la cocina y el patio, la parte de enfrente lleva un trabajo mas artesanal porque se va a restaurar lo que ya esta\u00bb.<\/p>\n\n\n\n<figure class=\"wp-block-image\"><img decoding=\"async\" width=\"778\" height=\"485\" data-attachment-id=\"35547\" data-permalink=\"https:\/\/eldiariodesanpedro.com.ar\/sitio\/robaron-una-bicicleta-en-la-escuela-no1\/escuela-1\/\" data-orig-file=\"https:\/\/eldiariodesanpedro.com.ar\/sitio\/wp-content\/uploads\/2018\/06\/escuela-1.jpg\" data-orig-size=\"778,485\" data-comments-opened=\"1\" data-image-meta=\"{&quot;aperture&quot;:&quot;0&quot;,&quot;credit&quot;:&quot;&quot;,&quot;camera&quot;:&quot;&quot;,&quot;caption&quot;:&quot;&quot;,&quot;created_timestamp&quot;:&quot;0&quot;,&quot;copyright&quot;:&quot;&quot;,&quot;focal_length&quot;:&quot;0&quot;,&quot;iso&quot;:&quot;0&quot;,&quot;shutter_speed&quot;:&quot;0&quot;,&quot;title&quot;:&quot;&quot;,&quot;orientation&quot;:&quot;1&quot;}\" data-image-title=\"escuela 1\" data-image-description=\"\" data-image-caption=\"\" data-large-file=\"https:\/\/eldiariodesanpedro.com.ar\/sitio\/wp-content\/uploads\/2018\/06\/escuela-1.jpg\" data-src=\"https:\/\/eldiariodesanpedro.com.ar\/sitio\/wp-content\/uploads\/2018\/06\/escuela-1.jpg\" alt=\"\" class=\"wp-image-35547 lazyload\" data-srcset=\"https:\/\/eldiariodesanpedro.com.ar\/sitio\/wp-content\/uploads\/2018\/06\/escuela-1.jpg 778w, https:\/\/eldiariodesanpedro.com.ar\/sitio\/wp-content\/uploads\/2018\/06\/escuela-1-300x187.jpg 300w, https:\/\/eldiariodesanpedro.com.ar\/sitio\/wp-content\/uploads\/2018\/06\/escuela-1-768x479.jpg 768w\" data-sizes=\"(max-width: 778px) 100vw, 778px\" src=\"data:image\/svg+xml;base64,PHN2ZyB3aWR0aD0iMSIgaGVpZ2h0PSIxIiB4bWxucz0iaHR0cDovL3d3dy53My5vcmcvMjAwMC9zdmciPjwvc3ZnPg==\" style=\"--smush-placeholder-width: 778px; --smush-placeholder-aspect-ratio: 778\/485;\" \/><\/figure>\n","protected":false},"excerpt":{"rendered":"<p>As\u00ed fue como esta ma\u00f1ana en el despacho del Intendente Salazar se firmo la documentaci\u00f3n por la continuaci\u00f3n de las obras en la Escuela Primaria N\u00ba 51 y Secundaria N\u00ba 58 que funcionan en el edificio de Mitre y Liniers, con un presupuesto de 10 millones de pesos, que hab\u00eda comenzado con la reparaci\u00f3n de [&hellip;]<\/p>\n","protected":false},"author":4,"featured_media":47966,"comment_status":"open","ping_status":"closed","sticky":false,"template":"","format":"standard","meta":{"om_disable_all_campaigns":false,"_jetpack_memberships_contains_paid_content":false,"footnotes":""},"categories":[50,101,2],"tags":[],"class_list":["post-47965","post","type-post","status-publish","format-standard","has-post-thumbnail","hentry","category-destacadas","category-interes-general-locales","category-locales"],"aioseo_notices":[],"gutentor_comment":0,"jetpack_featured_media_url":"https:\/\/eldiariodesanpedro.com.ar\/sitio\/wp-content\/uploads\/2019\/02\/WhatsApp-Image-2019-02-21-at-11.22.34.jpeg","jetpack_shortlink":"https:\/\/wp.me\/p6RhLt-ctD","jetpack_sharing_enabled":true,"_links":{"self":[{"href":"https:\/\/eldiariodesanpedro.com.ar\/sitio\/wp-json\/wp\/v2\/posts\/47965","targetHints":{"allow":["GET"]}}],"collection":[{"href":"https:\/\/eldiariodesanpedro.com.ar\/sitio\/wp-json\/wp\/v2\/posts"}],"about":[{"href":"https:\/\/eldiariodesanpedro.com.ar\/sitio\/wp-json\/wp\/v2\/types\/post"}],"author":[{"embeddable":true,"href":"https:\/\/eldiariodesanpedro.com.ar\/sitio\/wp-json\/wp\/v2\/users\/4"}],"replies":[{"embeddable":true,"href":"https:\/\/eldiariodesanpedro.com.ar\/sitio\/wp-json\/wp\/v2\/comments?post=47965"}],"version-history":[{"count":1,"href":"https:\/\/eldiariodesanpedro.com.ar\/sitio\/wp-json\/wp\/v2\/posts\/47965\/revisions"}],"predecessor-version":[{"id":47967,"href":"https:\/\/eldiariodesanpedro.com.ar\/sitio\/wp-json\/wp\/v2\/posts\/47965\/revisions\/47967"}],"wp:featuredmedia":[{"embeddable":true,"href":"https:\/\/eldiariodesanpedro.com.ar\/sitio\/wp-json\/wp\/v2\/media\/47966"}],"wp:attachment":[{"href":"https:\/\/eldiariodesanpedro.com.ar\/sitio\/wp-json\/wp\/v2\/media?parent=47965"}],"wp:term":[{"taxonomy":"category","embeddable":true,"href":"https:\/\/eldiariodesanpedro.com.ar\/sitio\/wp-json\/wp\/v2\/categories?post=47965"},{"taxonomy":"post_tag","embeddable":true,"href":"https:\/\/eldiariodesanpedro.com.ar\/sitio\/wp-json\/wp\/v2\/tags?post=47965"}],"curies":[{"name":"wp","href":"https:\/\/api.w.org\/{rel}","templated":true}]}}