{"id":47958,"date":"2019-02-21T11:15:03","date_gmt":"2019-02-21T14:15:03","guid":{"rendered":"https:\/\/eldiariodesanpedro.com.ar\/sitio\/?p=47958"},"modified":"2019-02-21T11:15:16","modified_gmt":"2019-02-21T14:15:16","slug":"salazar-el-jardin-de-banfield-se-va-a-terminar-con-una-nueva-empresa","status":"publish","type":"post","link":"https:\/\/eldiariodesanpedro.com.ar\/sitio\/salazar-el-jardin-de-banfield-se-va-a-terminar-con-una-nueva-empresa\/","title":{"rendered":"Salazar: \u00abEl Jard\u00edn de Banfield se va a terminar con una nueva empresa\u00bb"},"content":{"rendered":"<!-- VideographyWP Plugin Message: Automatic video embedding prevented by plugin options. -->\n\n<p>As\u00ed lo confirmo el Intendente Cecilio Salazar esta ma\u00f1ana en medio de una conferencia realizada en su despacho para presentar las firmas del convenio de la terminaci\u00f3n de obras de la escuela 1 y 8.<\/p>\n\n\n\n<p>El Jard\u00edn de Banfield es una obra que comenz\u00f3 en el mes de mayo del a\u00f1o 2017. El presidente del Consejo Escolar, Gustavo Liloff, hab\u00eda comunicado a los medios locales en ese momento,  que la construcci\u00f3n iba a concluir en 6 meses, por lo que el ciclo lectivo del 2018 se iba a iniciar con mas nenes en otro jard\u00edn, creando un poco de mas vacantes para San Pedro.<\/p>\n\n\n\n<figure class=\"wp-block-image\"><img decoding=\"async\" width=\"800\" height=\"445\" data-attachment-id=\"47959\" data-permalink=\"https:\/\/eldiariodesanpedro.com.ar\/sitio\/salazar-el-jardin-de-banfield-se-va-a-terminar-con-una-nueva-empresa\/comenzo-la-construccion-de-la-plataforma-de-hormigon-del-jardin-del-barrio-banfield-2\/\" data-orig-file=\"https:\/\/eldiariodesanpedro.com.ar\/sitio\/wp-content\/uploads\/2019\/02\/Comenz\u00f3-la-construcci\u00f3n-de-la-plataforma-de-hormig\u00f3n-del-Jard\u00edn-del-barrio-Banfield.jpg\" data-orig-size=\"800,445\" data-comments-opened=\"1\" data-image-meta=\"{&quot;aperture&quot;:&quot;0&quot;,&quot;credit&quot;:&quot;Fernando Bettendorff&quot;,&quot;camera&quot;:&quot;&quot;,&quot;caption&quot;:&quot;&quot;,&quot;created_timestamp&quot;:&quot;1493923243&quot;,&quot;copyright&quot;:&quot;&quot;,&quot;focal_length&quot;:&quot;0&quot;,&quot;iso&quot;:&quot;0&quot;,&quot;shutter_speed&quot;:&quot;0&quot;,&quot;title&quot;:&quot;&quot;,&quot;orientation&quot;:&quot;0&quot;}\" data-image-title=\"Comenz\u00f3-la-construcci\u00f3n-de-la-plataforma-de-hormig\u00f3n-del-Jard\u00edn-del-barrio-Banfield\" data-image-description=\"\" data-image-caption=\"\" data-large-file=\"https:\/\/eldiariodesanpedro.com.ar\/sitio\/wp-content\/uploads\/2019\/02\/Comenz\u00f3-la-construcci\u00f3n-de-la-plataforma-de-hormig\u00f3n-del-Jard\u00edn-del-barrio-Banfield.jpg\" data-src=\"https:\/\/eldiariodesanpedro.com.ar\/sitio\/wp-content\/uploads\/2019\/02\/Comenz\u00f3-la-construcci\u00f3n-de-la-plataforma-de-hormig\u00f3n-del-Jard\u00edn-del-barrio-Banfield.jpg\" alt=\"\" class=\"wp-image-47959 lazyload\" data-srcset=\"https:\/\/eldiariodesanpedro.com.ar\/sitio\/wp-content\/uploads\/2019\/02\/Comenz\u00f3-la-construcci\u00f3n-de-la-plataforma-de-hormig\u00f3n-del-Jard\u00edn-del-barrio-Banfield.jpg 800w, https:\/\/eldiariodesanpedro.com.ar\/sitio\/wp-content\/uploads\/2019\/02\/Comenz\u00f3-la-construcci\u00f3n-de-la-plataforma-de-hormig\u00f3n-del-Jard\u00edn-del-barrio-Banfield-300x167.jpg 300w, https:\/\/eldiariodesanpedro.com.ar\/sitio\/wp-content\/uploads\/2019\/02\/Comenz\u00f3-la-construcci\u00f3n-de-la-plataforma-de-hormig\u00f3n-del-Jard\u00edn-del-barrio-Banfield-768x427.jpg 768w\" data-sizes=\"(max-width: 800px) 100vw, 800px\" src=\"data:image\/svg+xml;base64,PHN2ZyB3aWR0aD0iMSIgaGVpZ2h0PSIxIiB4bWxucz0iaHR0cDovL3d3dy53My5vcmcvMjAwMC9zdmciPjwvc3ZnPg==\" style=\"--smush-placeholder-width: 800px; --smush-placeholder-aspect-ratio: 800\/445;\" \/><\/figure>\n\n\n\n<p>Por lo que el intendente tambi\u00e9n comunico en ese momento que era una obra hist\u00f3rica, que hacia mucho no se ve\u00eda en la ciudad y que a principios de enero del 2018 seguramente se iba a terminar porque el montaje era muy r\u00e1pido.<\/p>\n\n\n\n<figure class=\"wp-block-image\"><img decoding=\"async\" width=\"1024\" height=\"576\" data-attachment-id=\"47960\" data-permalink=\"https:\/\/eldiariodesanpedro.com.ar\/sitio\/salazar-el-jardin-de-banfield-se-va-a-terminar-con-una-nueva-empresa\/dt7ea02x0aeh6iu\/\" data-orig-file=\"https:\/\/eldiariodesanpedro.com.ar\/sitio\/wp-content\/uploads\/2019\/02\/DT7eA02X0AEH6iU.jpg\" data-orig-size=\"1032,581\" data-comments-opened=\"1\" data-image-meta=\"{&quot;aperture&quot;:&quot;0&quot;,&quot;credit&quot;:&quot;&quot;,&quot;camera&quot;:&quot;&quot;,&quot;caption&quot;:&quot;&quot;,&quot;created_timestamp&quot;:&quot;0&quot;,&quot;copyright&quot;:&quot;&quot;,&quot;focal_length&quot;:&quot;0&quot;,&quot;iso&quot;:&quot;0&quot;,&quot;shutter_speed&quot;:&quot;0&quot;,&quot;title&quot;:&quot;&quot;,&quot;orientation&quot;:&quot;0&quot;}\" data-image-title=\"DT7eA02X0AEH6iU\" data-image-description=\"\" data-image-caption=\"\" data-large-file=\"https:\/\/eldiariodesanpedro.com.ar\/sitio\/wp-content\/uploads\/2019\/02\/DT7eA02X0AEH6iU-1024x576.jpg\" data-src=\"https:\/\/eldiariodesanpedro.com.ar\/sitio\/wp-content\/uploads\/2019\/02\/DT7eA02X0AEH6iU-1024x576.jpg\" alt=\"\" class=\"wp-image-47960 lazyload\" data-srcset=\"https:\/\/eldiariodesanpedro.com.ar\/sitio\/wp-content\/uploads\/2019\/02\/DT7eA02X0AEH6iU-1024x576.jpg 1024w, https:\/\/eldiariodesanpedro.com.ar\/sitio\/wp-content\/uploads\/2019\/02\/DT7eA02X0AEH6iU-300x169.jpg 300w, https:\/\/eldiariodesanpedro.com.ar\/sitio\/wp-content\/uploads\/2019\/02\/DT7eA02X0AEH6iU-768x432.jpg 768w, https:\/\/eldiariodesanpedro.com.ar\/sitio\/wp-content\/uploads\/2019\/02\/DT7eA02X0AEH6iU.jpg 1032w\" data-sizes=\"(max-width: 1024px) 100vw, 1024px\" src=\"data:image\/svg+xml;base64,PHN2ZyB3aWR0aD0iMSIgaGVpZ2h0PSIxIiB4bWxucz0iaHR0cDovL3d3dy53My5vcmcvMjAwMC9zdmciPjwvc3ZnPg==\" style=\"--smush-placeholder-width: 1024px; --smush-placeholder-aspect-ratio: 1024\/576;\" \/><\/figure>\n\n\n\n<p>Lo cierto es que hasta la actualidad la obra que iba albergar mas de 300 chicos, en doble turno, esta sin terminar.<\/p>\n\n\n\n<figure class=\"wp-block-image\"><img decoding=\"async\" width=\"290\" height=\"218\" data-attachment-id=\"47962\" data-permalink=\"https:\/\/eldiariodesanpedro.com.ar\/sitio\/salazar-el-jardin-de-banfield-se-va-a-terminar-con-una-nueva-empresa\/jardin_banfield_0\/\" data-orig-file=\"https:\/\/eldiariodesanpedro.com.ar\/sitio\/wp-content\/uploads\/2019\/02\/jardin_banfield_0.jpg\" data-orig-size=\"290,218\" data-comments-opened=\"1\" data-image-meta=\"{&quot;aperture&quot;:&quot;0&quot;,&quot;credit&quot;:&quot;&quot;,&quot;camera&quot;:&quot;&quot;,&quot;caption&quot;:&quot;&quot;,&quot;created_timestamp&quot;:&quot;0&quot;,&quot;copyright&quot;:&quot;&quot;,&quot;focal_length&quot;:&quot;0&quot;,&quot;iso&quot;:&quot;0&quot;,&quot;shutter_speed&quot;:&quot;0&quot;,&quot;title&quot;:&quot;&quot;,&quot;orientation&quot;:&quot;0&quot;}\" data-image-title=\"jardin_banfield_0\" data-image-description=\"\" data-image-caption=\"\" data-large-file=\"https:\/\/eldiariodesanpedro.com.ar\/sitio\/wp-content\/uploads\/2019\/02\/jardin_banfield_0.jpg\" data-src=\"https:\/\/eldiariodesanpedro.com.ar\/sitio\/wp-content\/uploads\/2019\/02\/jardin_banfield_0.jpg\" alt=\"\" class=\"wp-image-47962 lazyload\" src=\"data:image\/svg+xml;base64,PHN2ZyB3aWR0aD0iMSIgaGVpZ2h0PSIxIiB4bWxucz0iaHR0cDovL3d3dy53My5vcmcvMjAwMC9zdmciPjwvc3ZnPg==\" style=\"--smush-placeholder-width: 290px; --smush-placeholder-aspect-ratio: 290\/218;\" \/><\/figure>\n\n\n\n<p>Hoy, en medio de una conferencia de prensa por la firma de la continuaci\u00f3n de obras de dos escuelas, Salazar informo a los medios presentes \u00abestamos a punto de firmar un convenio con Naci\u00f3n para la terminaci\u00f3n del jard\u00edn en el predio de Banfield, nos van a destinar fondos, es una deuda pendiente que tenemos\u00bb<\/p>\n\n\n\n<p>A la pregunta que le realizo el periodista Pini Stringhini , si los fondos est\u00e1n y cual es la cuesti\u00f3n operativa por la que el municipio se adhiere, respondi\u00f3 contando mas detalles del tema, \u00abcuando esa obra se inicio se adjudico  la empresa que se hizo cargo no solo de esta obra sino de 80 jardines mas y lamentablemente no cumpli\u00f3 con los t\u00e9rminos pactados que se firmaron, por eso desde Naci\u00f3n reincidieron ese contrato y empezaron a buscar la soluci\u00f3n de como seria esa continuidad, a la fecha me han llamado y ya vinieron arquitectos e ingenieros del Ministerio de Educaci\u00f3n a ver la obra y llegamos a un acuerdo\u00bb<\/p>\n\n\n\n<p>\u00abLos fondos que faltan para terminar son \u00edntegramente de Naci\u00f3n, vamos a ver que plan de obra nos dan y cual va a ser la empresa que va a trabajar, este tipo de construcci\u00f3n fue muy criticado pero se usa en Estados Unidos, son obras muy solidas, los arquitectos la revisaron minuciosamente y la obra esta perfecta\u00bb.<\/p>\n\n\n\n<p>Desde el Concejo Escolar expresaron tambi\u00e9n su emoci\u00f3n por terminar esta obra  afirmando que \u00absi se destinan los fondos para estas fechas luego de las vacaciones de invierno podremos disfrutar el jard\u00edn porque no es tanto lo que falta\u00bb.<\/p>\n\n\n\n<figure class=\"wp-block-image\"><img decoding=\"async\" width=\"750\" height=\"400\" data-attachment-id=\"47961\" data-permalink=\"https:\/\/eldiariodesanpedro.com.ar\/sitio\/salazar-el-jardin-de-banfield-se-va-a-terminar-con-una-nueva-empresa\/jardin_de_banfield_0_0\/\" data-orig-file=\"https:\/\/eldiariodesanpedro.com.ar\/sitio\/wp-content\/uploads\/2019\/02\/jardin_de_banfield_0_0.jpg\" data-orig-size=\"750,400\" data-comments-opened=\"1\" data-image-meta=\"{&quot;aperture&quot;:&quot;0&quot;,&quot;credit&quot;:&quot;&quot;,&quot;camera&quot;:&quot;&quot;,&quot;caption&quot;:&quot;&quot;,&quot;created_timestamp&quot;:&quot;0&quot;,&quot;copyright&quot;:&quot;&quot;,&quot;focal_length&quot;:&quot;0&quot;,&quot;iso&quot;:&quot;0&quot;,&quot;shutter_speed&quot;:&quot;0&quot;,&quot;title&quot;:&quot;&quot;,&quot;orientation&quot;:&quot;0&quot;}\" data-image-title=\"jardin_de_banfield_0_0\" data-image-description=\"\" data-image-caption=\"\" data-large-file=\"https:\/\/eldiariodesanpedro.com.ar\/sitio\/wp-content\/uploads\/2019\/02\/jardin_de_banfield_0_0.jpg\" data-src=\"https:\/\/eldiariodesanpedro.com.ar\/sitio\/wp-content\/uploads\/2019\/02\/jardin_de_banfield_0_0.jpg\" alt=\"\" class=\"wp-image-47961 lazyload\" data-srcset=\"https:\/\/eldiariodesanpedro.com.ar\/sitio\/wp-content\/uploads\/2019\/02\/jardin_de_banfield_0_0.jpg 750w, https:\/\/eldiariodesanpedro.com.ar\/sitio\/wp-content\/uploads\/2019\/02\/jardin_de_banfield_0_0-300x160.jpg 300w\" data-sizes=\"(max-width: 750px) 100vw, 750px\" src=\"data:image\/svg+xml;base64,PHN2ZyB3aWR0aD0iMSIgaGVpZ2h0PSIxIiB4bWxucz0iaHR0cDovL3d3dy53My5vcmcvMjAwMC9zdmciPjwvc3ZnPg==\" style=\"--smush-placeholder-width: 750px; --smush-placeholder-aspect-ratio: 750\/400;\" \/><\/figure>\n","protected":false},"excerpt":{"rendered":"<p>As\u00ed lo confirmo el Intendente Cecilio Salazar esta ma\u00f1ana en medio de una conferencia realizada en su despacho para presentar las firmas del convenio de la terminaci\u00f3n de obras de la escuela 1 y 8. El Jard\u00edn de Banfield es una obra que comenz\u00f3 en el mes de mayo del a\u00f1o 2017. El presidente del [&hellip;]<\/p>\n","protected":false},"author":4,"featured_media":47963,"comment_status":"open","ping_status":"closed","sticky":false,"template":"","format":"standard","meta":{"om_disable_all_campaigns":false,"_jetpack_memberships_contains_paid_content":false,"footnotes":""},"categories":[50,101,2],"tags":[],"class_list":["post-47958","post","type-post","status-publish","format-standard","has-post-thumbnail","hentry","category-destacadas","category-interes-general-locales","category-locales"],"aioseo_notices":[],"gutentor_comment":0,"jetpack_featured_media_url":"https:\/\/eldiariodesanpedro.com.ar\/sitio\/wp-content\/uploads\/2019\/02\/jardin_de_banfield_1.jpg","jetpack_shortlink":"https:\/\/wp.me\/p6RhLt-ctw","jetpack_sharing_enabled":true,"_links":{"self":[{"href":"https:\/\/eldiariodesanpedro.com.ar\/sitio\/wp-json\/wp\/v2\/posts\/47958","targetHints":{"allow":["GET"]}}],"collection":[{"href":"https:\/\/eldiariodesanpedro.com.ar\/sitio\/wp-json\/wp\/v2\/posts"}],"about":[{"href":"https:\/\/eldiariodesanpedro.com.ar\/sitio\/wp-json\/wp\/v2\/types\/post"}],"author":[{"embeddable":true,"href":"https:\/\/eldiariodesanpedro.com.ar\/sitio\/wp-json\/wp\/v2\/users\/4"}],"replies":[{"embeddable":true,"href":"https:\/\/eldiariodesanpedro.com.ar\/sitio\/wp-json\/wp\/v2\/comments?post=47958"}],"version-history":[{"count":1,"href":"https:\/\/eldiariodesanpedro.com.ar\/sitio\/wp-json\/wp\/v2\/posts\/47958\/revisions"}],"predecessor-version":[{"id":47964,"href":"https:\/\/eldiariodesanpedro.com.ar\/sitio\/wp-json\/wp\/v2\/posts\/47958\/revisions\/47964"}],"wp:featuredmedia":[{"embeddable":true,"href":"https:\/\/eldiariodesanpedro.com.ar\/sitio\/wp-json\/wp\/v2\/media\/47963"}],"wp:attachment":[{"href":"https:\/\/eldiariodesanpedro.com.ar\/sitio\/wp-json\/wp\/v2\/media?parent=47958"}],"wp:term":[{"taxonomy":"category","embeddable":true,"href":"https:\/\/eldiariodesanpedro.com.ar\/sitio\/wp-json\/wp\/v2\/categories?post=47958"},{"taxonomy":"post_tag","embeddable":true,"href":"https:\/\/eldiariodesanpedro.com.ar\/sitio\/wp-json\/wp\/v2\/tags?post=47958"}],"curies":[{"name":"wp","href":"https:\/\/api.w.org\/{rel}","templated":true}]}}