{"id":47949,"date":"2019-02-21T10:06:19","date_gmt":"2019-02-21T13:06:19","guid":{"rendered":"https:\/\/eldiariodesanpedro.com.ar\/sitio\/?p=47949"},"modified":"2019-02-21T10:06:31","modified_gmt":"2019-02-21T13:06:31","slug":"san-nicolas-semana-completa-para-los-trabajadores-de-motomel","status":"publish","type":"post","link":"https:\/\/eldiariodesanpedro.com.ar\/sitio\/san-nicolas-semana-completa-para-los-trabajadores-de-motomel\/","title":{"rendered":"SAN NICOL\u00c1S: Semana completa para los trabajadores de Motomel"},"content":{"rendered":"<!-- VideographyWP Plugin Message: Automatic video embedding prevented by plugin options. -->\n\n<p>\n\nLa industria de los motoveh\u00edculos es una de las m\u00e1s golpeadas por la coyuntura en virtud de la fenomenal ca\u00edda de ventas y el encarecimiento de los costos de producci\u00f3n en un sector fuertemente atado al d\u00f3lar. Este escenario ha llevado a que los empresarios del sector instrumenten medidas para reducir la producci\u00f3n y as\u00ed evitar el sobre stock.<\/p>\n\n\n\n<p>Varias de las marcas l\u00edderes se encuentran en situaci\u00f3n cr\u00edtica, entre ellas, Motomel. Precisamente, la planta radicada en La Emilia ha iniciado el 2019 aplicando un plan de vacaciones adelantadas para el personal, durante enero. Y en febrero se instrumenta la reducci\u00f3n programada de la producci\u00f3n ya que las l\u00edneas se desactivan los viernes.&nbsp;<\/p>\n\n\n\n<p>La noticia \u00abalentadora\u00bb se conoci\u00f3 en las \u00faltimas horas cuando los trabajadores recibieron la comunicaci\u00f3n de que este viernes s\u00ed habr\u00e1 actividad en la planta ubicada a la vera del Arroyo del Medio, con lo cual ser\u00e1n tres y no cuatro los d\u00edas en los que se desafectar\u00e1 al personal durante febrero. Al mismo tiempo, la empresa reabri\u00f3 el registro de retiros voluntarios lo que puede leerse como una estrategia que desnuda las intenciones a mediano y largo plazo. De acuerdo con lo que pudo saber EL NORTE, de los casi 300 trabajadores que emplea actualmente Motomel una veintena ya se acogi\u00f3 a esta posibilidad.&nbsp;<\/p>\n\n\n\n<p>Cabe recordar que en septiembre pasado se abri\u00f3 tambi\u00e9n la chance de acordar una salida, a la que \u2013seg\u00fan trascendi\u00f3- aplicaron unos 80 trabajadores. Tal como publicara este medio d\u00edas atr\u00e1s, marzo ser\u00e1 un mes clave para despejar interrogantes sobre lo que depara el resto del a\u00f1o para buena parte de la industria. Las personas consultadas por este medio dan cuenta de un panorama moderadamente pesimista. En todos los casos, la ca\u00edda del poder adquisitivo aparece en el centro de las argumentaciones en virtud de que explica la fuerte ca\u00edda en las ventas para un sector cuya \u00abtemporada alta\u00bb es, precisamente, la temporada primavera-verano.\u00a0<\/p>\n\n\n\n<p>Fuente: Diario El Norte<\/p>\n","protected":false},"excerpt":{"rendered":"<p>La industria de los motoveh\u00edculos es una de las m\u00e1s golpeadas por la coyuntura en virtud de la fenomenal ca\u00edda de ventas y el encarecimiento de los costos de producci\u00f3n en un sector fuertemente atado al d\u00f3lar. Este escenario ha llevado a que los empresarios del sector instrumenten medidas para reducir la producci\u00f3n y as\u00ed [&hellip;]<\/p>\n","protected":false},"author":4,"featured_media":47951,"comment_status":"open","ping_status":"closed","sticky":false,"template":"","format":"standard","meta":{"om_disable_all_campaigns":false,"_jetpack_memberships_contains_paid_content":false,"footnotes":""},"categories":[621],"tags":[],"class_list":["post-47949","post","type-post","status-publish","format-standard","has-post-thumbnail","hentry","category-regionales"],"aioseo_notices":[],"gutentor_comment":0,"jetpack_featured_media_url":"https:\/\/eldiariodesanpedro.com.ar\/sitio\/wp-content\/uploads\/2019\/02\/0_41.jpg","jetpack_shortlink":"https:\/\/wp.me\/p6RhLt-ctn","jetpack_sharing_enabled":true,"_links":{"self":[{"href":"https:\/\/eldiariodesanpedro.com.ar\/sitio\/wp-json\/wp\/v2\/posts\/47949","targetHints":{"allow":["GET"]}}],"collection":[{"href":"https:\/\/eldiariodesanpedro.com.ar\/sitio\/wp-json\/wp\/v2\/posts"}],"about":[{"href":"https:\/\/eldiariodesanpedro.com.ar\/sitio\/wp-json\/wp\/v2\/types\/post"}],"author":[{"embeddable":true,"href":"https:\/\/eldiariodesanpedro.com.ar\/sitio\/wp-json\/wp\/v2\/users\/4"}],"replies":[{"embeddable":true,"href":"https:\/\/eldiariodesanpedro.com.ar\/sitio\/wp-json\/wp\/v2\/comments?post=47949"}],"version-history":[{"count":1,"href":"https:\/\/eldiariodesanpedro.com.ar\/sitio\/wp-json\/wp\/v2\/posts\/47949\/revisions"}],"predecessor-version":[{"id":47952,"href":"https:\/\/eldiariodesanpedro.com.ar\/sitio\/wp-json\/wp\/v2\/posts\/47949\/revisions\/47952"}],"wp:featuredmedia":[{"embeddable":true,"href":"https:\/\/eldiariodesanpedro.com.ar\/sitio\/wp-json\/wp\/v2\/media\/47951"}],"wp:attachment":[{"href":"https:\/\/eldiariodesanpedro.com.ar\/sitio\/wp-json\/wp\/v2\/media?parent=47949"}],"wp:term":[{"taxonomy":"category","embeddable":true,"href":"https:\/\/eldiariodesanpedro.com.ar\/sitio\/wp-json\/wp\/v2\/categories?post=47949"},{"taxonomy":"post_tag","embeddable":true,"href":"https:\/\/eldiariodesanpedro.com.ar\/sitio\/wp-json\/wp\/v2\/tags?post=47949"}],"curies":[{"name":"wp","href":"https:\/\/api.w.org\/{rel}","templated":true}]}}