{"id":47943,"date":"2019-02-21T10:00:50","date_gmt":"2019-02-21T13:00:50","guid":{"rendered":"https:\/\/eldiariodesanpedro.com.ar\/sitio\/?p=47943"},"modified":"2019-02-21T10:01:00","modified_gmt":"2019-02-21T13:01:00","slug":"campana-limpian-microbasurales-en-la-ciudad","status":"publish","type":"post","link":"https:\/\/eldiariodesanpedro.com.ar\/sitio\/campana-limpian-microbasurales-en-la-ciudad\/","title":{"rendered":"CAMPANA: Limpian microbasurales en la ciudad"},"content":{"rendered":"<!-- VideographyWP Plugin Message: Automatic video embedding prevented by plugin options. -->\n\n<p>\n\nPersonal Municipal, retir\u00f3 una importante cantidad de residuos en la intersecci\u00f3n de Gismundi y Pedro Omar y en Saut\u00f3n y Zavallo del barrio La Josefa.<\/p>\n\n\n\n<p>El Municipio sigue adelante con diversos trabajos de limpieza de microbasurales en distintos puntos de la ciudad. Tambi\u00e9n retiraron ramas y mont\u00edculos.<br><br>Personal de la Subdirecci\u00f3n de Higiene Urbana retir\u00f3 una importante cantidad de residuos arrojados en la intersecci\u00f3n de Gismundi y Pedro Omar.\u00a0<br><br>En tanto que, durante el fin de semana, repitieron las tareas en Sauton y Zavallo en el barrio La Josefa.<br><br>Desde el Municipio solicitan a los vecinos que tomen conciencia de la importancia de mantener la ciudad limpia, para mantener el orden, la higiene urbana y evitar focos de infecci\u00f3n que afecten a la salud.\u00a0<\/p>\n\n\n\n<p>Fuente: Campana Noticias<\/p>\n","protected":false},"excerpt":{"rendered":"<p>Personal Municipal, retir\u00f3 una importante cantidad de residuos en la intersecci\u00f3n de Gismundi y Pedro Omar y en Saut\u00f3n y Zavallo del barrio La Josefa. El Municipio sigue adelante con diversos trabajos de limpieza de microbasurales en distintos puntos de la ciudad. Tambi\u00e9n retiraron ramas y mont\u00edculos. Personal de la Subdirecci\u00f3n de Higiene Urbana retir\u00f3 [&hellip;]<\/p>\n","protected":false},"author":4,"featured_media":47944,"comment_status":"open","ping_status":"closed","sticky":false,"template":"","format":"standard","meta":{"om_disable_all_campaigns":false,"_jetpack_memberships_contains_paid_content":false,"footnotes":""},"categories":[621],"tags":[],"class_list":["post-47943","post","type-post","status-publish","format-standard","has-post-thumbnail","hentry","category-regionales"],"aioseo_notices":[],"gutentor_comment":0,"jetpack_featured_media_url":"https:\/\/eldiariodesanpedro.com.ar\/sitio\/wp-content\/uploads\/2019\/02\/20190219125430.jpg","jetpack_shortlink":"https:\/\/wp.me\/p6RhLt-cth","jetpack_sharing_enabled":true,"_links":{"self":[{"href":"https:\/\/eldiariodesanpedro.com.ar\/sitio\/wp-json\/wp\/v2\/posts\/47943","targetHints":{"allow":["GET"]}}],"collection":[{"href":"https:\/\/eldiariodesanpedro.com.ar\/sitio\/wp-json\/wp\/v2\/posts"}],"about":[{"href":"https:\/\/eldiariodesanpedro.com.ar\/sitio\/wp-json\/wp\/v2\/types\/post"}],"author":[{"embeddable":true,"href":"https:\/\/eldiariodesanpedro.com.ar\/sitio\/wp-json\/wp\/v2\/users\/4"}],"replies":[{"embeddable":true,"href":"https:\/\/eldiariodesanpedro.com.ar\/sitio\/wp-json\/wp\/v2\/comments?post=47943"}],"version-history":[{"count":1,"href":"https:\/\/eldiariodesanpedro.com.ar\/sitio\/wp-json\/wp\/v2\/posts\/47943\/revisions"}],"predecessor-version":[{"id":47945,"href":"https:\/\/eldiariodesanpedro.com.ar\/sitio\/wp-json\/wp\/v2\/posts\/47943\/revisions\/47945"}],"wp:featuredmedia":[{"embeddable":true,"href":"https:\/\/eldiariodesanpedro.com.ar\/sitio\/wp-json\/wp\/v2\/media\/47944"}],"wp:attachment":[{"href":"https:\/\/eldiariodesanpedro.com.ar\/sitio\/wp-json\/wp\/v2\/media?parent=47943"}],"wp:term":[{"taxonomy":"category","embeddable":true,"href":"https:\/\/eldiariodesanpedro.com.ar\/sitio\/wp-json\/wp\/v2\/categories?post=47943"},{"taxonomy":"post_tag","embeddable":true,"href":"https:\/\/eldiariodesanpedro.com.ar\/sitio\/wp-json\/wp\/v2\/tags?post=47943"}],"curies":[{"name":"wp","href":"https:\/\/api.w.org\/{rel}","templated":true}]}}