{"id":47940,"date":"2019-02-21T09:59:11","date_gmt":"2019-02-21T12:59:11","guid":{"rendered":"https:\/\/eldiariodesanpedro.com.ar\/sitio\/?p=47940"},"modified":"2019-02-21T09:59:20","modified_gmt":"2019-02-21T12:59:20","slug":"campana-un-intercambio-cultural-sin-precedentes-desde-francia","status":"publish","type":"post","link":"https:\/\/eldiariodesanpedro.com.ar\/sitio\/campana-un-intercambio-cultural-sin-precedentes-desde-francia\/","title":{"rendered":"CAMPANA: Un intercambio cultural sin precedentes desde Francia"},"content":{"rendered":"<!-- VideographyWP Plugin Message: Automatic video embedding prevented by plugin options. -->\n\n<p>\n\nM\u00e1s de 30 artistas en escena se presentar\u00e1n en la zona, entre el 27 de Febrero y el 1\u00b0 de Marzo. Se trata de una agrupaci\u00f3n milenaria que conserva las danzas y m\u00fasica de su regi\u00f3n desde la Edad Media. En 2015, compartieron escenario durante la gira europea del ballet local Mart\u00edn Fierro.<\/p>\n\n\n\n<p>Una delegaci\u00f3n Francesa de 35 artistas se presentar\u00e1n en nuestra zona del 25 de febrero al 5 de marzo. Se trata de una agrupaci\u00f3n milenaria que conserva las danzas y m\u00fasica de su regi\u00f3n desde la Edad Media. Su nombre proviene de La R\u00e9ole: una pequen\u00f1a ciudad medieval fundada en 977 en las orillas del Garona, parte del Camino de Santiago de Compostela, que cuenta con castillos, puentes y edificios de los mas antiguos de Francia.<br><br>Joven, alegre, simp\u00e1tico y espont\u00e1neo, LOUS R\u00c9OUL\u00c8S propone un show din\u00e1mico y divertido donde buscan descontracturar el escenario e interpelar al p\u00fablico. Con mas de 30 artistas en escena repasando danzas tradicionales de manera did\u00e1ctica, siempre invitan al p\u00fablico a participar, ense\u00f1\u00e1nndoles algo de la cultura de su tierra y finalizando el show haciendo todos una gran ronda.<br><br>El TOUR ARGENTINA 2019 de Lous R\u00e9oul\u00e8s surge a partir de la Gira Europea del Ballet Mart\u00edn Fierro en 2015: los Franceses recibieron a los Argentinos y fue all\u00ed donde comenzaron el sue\u00f1o poder traer su legado nuestro pa\u00eds.\u00a0<br><br>La delegaci\u00f3n se presentar\u00e1 en teatros de la zona, har\u00e1 clases e intercambios de danza y m\u00fasica, y participar\u00e1 de recepciones oficiales durante sus 10 d\u00edas de estad\u00eda. Est\u00e1 confirmado su show en el Teatro Coliseo de Z\u00e1rate el Viernes 1 de Marzo, como as\u00ed tambi\u00e9n en el Teatro Seminari de Escobar el Mi\u00e9rcoles 27 de Febrero. Tambi\u00e9n realizar\u00e1n un intercambio con el Ballet Municipal de Z\u00e1rate y tendr\u00e1n un recibimiento especial por parte de la Uni\u00f3n de Colectividades y por las diferentes Autoridades.<br><br>Muchas generaciones han pasado y conviven hoy en la delegaci\u00f3n, que cumple por primera vez el sue\u00f1o de cruzar el Atl\u00e1ntico. Estemos atentos a las novedades y recibamos como se merece a esta excelente agrupaci\u00f3n.<\/p>\n\n\n\n<p>Fuente: Campana Noticias\u00a0<\/p>\n","protected":false},"excerpt":{"rendered":"<p>M\u00e1s de 30 artistas en escena se presentar\u00e1n en la zona, entre el 27 de Febrero y el 1\u00b0 de Marzo. Se trata de una agrupaci\u00f3n milenaria que conserva las danzas y m\u00fasica de su regi\u00f3n desde la Edad Media. En 2015, compartieron escenario durante la gira europea del ballet local Mart\u00edn Fierro. Una delegaci\u00f3n [&hellip;]<\/p>\n","protected":false},"author":4,"featured_media":47941,"comment_status":"open","ping_status":"closed","sticky":false,"template":"","format":"standard","meta":{"om_disable_all_campaigns":false,"_jetpack_memberships_contains_paid_content":false,"footnotes":""},"categories":[621],"tags":[],"class_list":["post-47940","post","type-post","status-publish","format-standard","has-post-thumbnail","hentry","category-regionales"],"aioseo_notices":[],"gutentor_comment":0,"jetpack_featured_media_url":"https:\/\/eldiariodesanpedro.com.ar\/sitio\/wp-content\/uploads\/2019\/02\/20190218085142.jpg","jetpack_shortlink":"https:\/\/wp.me\/p6RhLt-cte","jetpack_sharing_enabled":true,"_links":{"self":[{"href":"https:\/\/eldiariodesanpedro.com.ar\/sitio\/wp-json\/wp\/v2\/posts\/47940","targetHints":{"allow":["GET"]}}],"collection":[{"href":"https:\/\/eldiariodesanpedro.com.ar\/sitio\/wp-json\/wp\/v2\/posts"}],"about":[{"href":"https:\/\/eldiariodesanpedro.com.ar\/sitio\/wp-json\/wp\/v2\/types\/post"}],"author":[{"embeddable":true,"href":"https:\/\/eldiariodesanpedro.com.ar\/sitio\/wp-json\/wp\/v2\/users\/4"}],"replies":[{"embeddable":true,"href":"https:\/\/eldiariodesanpedro.com.ar\/sitio\/wp-json\/wp\/v2\/comments?post=47940"}],"version-history":[{"count":1,"href":"https:\/\/eldiariodesanpedro.com.ar\/sitio\/wp-json\/wp\/v2\/posts\/47940\/revisions"}],"predecessor-version":[{"id":47942,"href":"https:\/\/eldiariodesanpedro.com.ar\/sitio\/wp-json\/wp\/v2\/posts\/47940\/revisions\/47942"}],"wp:featuredmedia":[{"embeddable":true,"href":"https:\/\/eldiariodesanpedro.com.ar\/sitio\/wp-json\/wp\/v2\/media\/47941"}],"wp:attachment":[{"href":"https:\/\/eldiariodesanpedro.com.ar\/sitio\/wp-json\/wp\/v2\/media?parent=47940"}],"wp:term":[{"taxonomy":"category","embeddable":true,"href":"https:\/\/eldiariodesanpedro.com.ar\/sitio\/wp-json\/wp\/v2\/categories?post=47940"},{"taxonomy":"post_tag","embeddable":true,"href":"https:\/\/eldiariodesanpedro.com.ar\/sitio\/wp-json\/wp\/v2\/tags?post=47940"}],"curies":[{"name":"wp","href":"https:\/\/api.w.org\/{rel}","templated":true}]}}