{"id":47934,"date":"2019-02-21T10:25:00","date_gmt":"2019-02-21T13:25:00","guid":{"rendered":"https:\/\/eldiariodesanpedro.com.ar\/sitio\/?p=47934"},"modified":"2019-02-21T10:27:21","modified_gmt":"2019-02-21T13:27:21","slug":"el-director-regional-de-pami-visito-santa-lucia-y-se-fue-sin-que-aceptaran-la-nueva-medida","status":"publish","type":"post","link":"https:\/\/eldiariodesanpedro.com.ar\/sitio\/el-director-regional-de-pami-visito-santa-lucia-y-se-fue-sin-que-aceptaran-la-nueva-medida\/","title":{"rendered":"El Director Regional de PAMI visito Santa Lucia y se fue sin que se aceptara la nueva medida"},"content":{"rendered":"<!-- VideographyWP Plugin Message: Automatic video embedding prevented by plugin options. -->\n\n<p>Luego de que se conociera la desicion de cerrar la dependencia de PAMI, tras fuertes reclamos y con una nota que se le hizo llegar al Licenciado Regional, en la que el Intendente Cecilio Salazar expresa \u201csu preocupaci\u00f3n por la resoluci\u00f3n 225 que indica una reducci\u00f3n en los d\u00edas de atenci\u00f3n en la\u00a0 delegaci\u00f3n PAMI Santa Lucia\u00bb, el Director Regional de PAMI, Jos\u00e9 Luis Ferro, visit\u00f3 este mi\u00e9rcoles el Club de Jubilados de la localidad.<\/p>\n\n\n\n<figure class=\"wp-block-image\"><img decoding=\"async\" width=\"500\" height=\"500\" data-attachment-id=\"47950\" data-permalink=\"https:\/\/eldiariodesanpedro.com.ar\/sitio\/el-director-regional-de-pami-visito-santa-lucia-y-se-fue-sin-que-aceptaran-la-nueva-medida\/artworks-000484760799-qtzf9e-t500x500\/\" data-orig-file=\"https:\/\/eldiariodesanpedro.com.ar\/sitio\/wp-content\/uploads\/2019\/02\/artworks-000484760799-qtzf9e-t500x500.jpg\" data-orig-size=\"500,500\" data-comments-opened=\"1\" data-image-meta=\"{&quot;aperture&quot;:&quot;0&quot;,&quot;credit&quot;:&quot;&quot;,&quot;camera&quot;:&quot;&quot;,&quot;caption&quot;:&quot;&quot;,&quot;created_timestamp&quot;:&quot;0&quot;,&quot;copyright&quot;:&quot;&quot;,&quot;focal_length&quot;:&quot;0&quot;,&quot;iso&quot;:&quot;0&quot;,&quot;shutter_speed&quot;:&quot;0&quot;,&quot;title&quot;:&quot;&quot;,&quot;orientation&quot;:&quot;0&quot;}\" data-image-title=\"artworks-000484760799-qtzf9e-t500x500\" data-image-description=\"\" data-image-caption=\"\" data-large-file=\"https:\/\/eldiariodesanpedro.com.ar\/sitio\/wp-content\/uploads\/2019\/02\/artworks-000484760799-qtzf9e-t500x500.jpg\" data-src=\"https:\/\/eldiariodesanpedro.com.ar\/sitio\/wp-content\/uploads\/2019\/02\/artworks-000484760799-qtzf9e-t500x500.jpg\" alt=\"\" class=\"wp-image-47950 lazyload\" data-srcset=\"https:\/\/eldiariodesanpedro.com.ar\/sitio\/wp-content\/uploads\/2019\/02\/artworks-000484760799-qtzf9e-t500x500.jpg 500w, https:\/\/eldiariodesanpedro.com.ar\/sitio\/wp-content\/uploads\/2019\/02\/artworks-000484760799-qtzf9e-t500x500-150x150.jpg 150w, https:\/\/eldiariodesanpedro.com.ar\/sitio\/wp-content\/uploads\/2019\/02\/artworks-000484760799-qtzf9e-t500x500-300x300.jpg 300w\" data-sizes=\"(max-width: 500px) 100vw, 500px\" src=\"data:image\/svg+xml;base64,PHN2ZyB3aWR0aD0iMSIgaGVpZ2h0PSIxIiB4bWxucz0iaHR0cDovL3d3dy53My5vcmcvMjAwMC9zdmciPjwvc3ZnPg==\" style=\"--smush-placeholder-width: 500px; --smush-placeholder-aspect-ratio: 500\/500;\" \/><\/figure>\n\n\n\n<p>Ferro se entrevisto con los trabajadores y afiliados recorriendo la dependencia que asiste a mas de 600 afiliados.<\/p>\n\n\n\n<p>Este medio dialogo con el delegado de Santa Lucia, Luis Caramun,  quien nos brindo mas detalles \u00abvino a explicarnos la reforma administrativa y a explicarnos de que manera los afiliados no sufrir\u00edan ning\u00fan perjuicio, la idea no es cerrar sino que se atienda tres o cuatro veces por semana, nosotros le solicitamos que haga llegar este problem\u00e1tica al licenciado <br>\u00a0Cassinotti,  que para nosotros si es un perjuicio, que aqu\u00ed PAMI funciona muy bien y que no justificamos ning\u00fan cambio, seg\u00fan entendemos nosotros, ademas no pagan alquiler y la empleada vive aca,  charlamos horas  y se fue con que no queremos que se cumpla esa medida\u00bb.<\/p>\n\n\n\n<figure class=\"wp-block-image\"><img decoding=\"async\" width=\"750\" height=\"400\" data-attachment-id=\"47953\" data-permalink=\"https:\/\/eldiariodesanpedro.com.ar\/sitio\/el-director-regional-de-pami-visito-santa-lucia-y-se-fue-sin-que-aceptaran-la-nueva-medida\/ebf9e594-75fc-495e-b57b-a9b42518399a\/\" data-orig-file=\"https:\/\/eldiariodesanpedro.com.ar\/sitio\/wp-content\/uploads\/2019\/02\/ebf9e594-75fc-495e-b57b-a9b42518399a.jpg\" data-orig-size=\"750,400\" data-comments-opened=\"1\" data-image-meta=\"{&quot;aperture&quot;:&quot;0&quot;,&quot;credit&quot;:&quot;&quot;,&quot;camera&quot;:&quot;&quot;,&quot;caption&quot;:&quot;&quot;,&quot;created_timestamp&quot;:&quot;0&quot;,&quot;copyright&quot;:&quot;&quot;,&quot;focal_length&quot;:&quot;0&quot;,&quot;iso&quot;:&quot;0&quot;,&quot;shutter_speed&quot;:&quot;0&quot;,&quot;title&quot;:&quot;&quot;,&quot;orientation&quot;:&quot;0&quot;}\" data-image-title=\"ebf9e594-75fc-495e-b57b-a9b42518399a\" data-image-description=\"\" data-image-caption=\"\" data-large-file=\"https:\/\/eldiariodesanpedro.com.ar\/sitio\/wp-content\/uploads\/2019\/02\/ebf9e594-75fc-495e-b57b-a9b42518399a.jpg\" data-src=\"https:\/\/eldiariodesanpedro.com.ar\/sitio\/wp-content\/uploads\/2019\/02\/ebf9e594-75fc-495e-b57b-a9b42518399a.jpg\" alt=\"\" class=\"wp-image-47953 lazyload\" data-srcset=\"https:\/\/eldiariodesanpedro.com.ar\/sitio\/wp-content\/uploads\/2019\/02\/ebf9e594-75fc-495e-b57b-a9b42518399a.jpg 750w, https:\/\/eldiariodesanpedro.com.ar\/sitio\/wp-content\/uploads\/2019\/02\/ebf9e594-75fc-495e-b57b-a9b42518399a-300x160.jpg 300w\" data-sizes=\"(max-width: 750px) 100vw, 750px\" src=\"data:image\/svg+xml;base64,PHN2ZyB3aWR0aD0iMSIgaGVpZ2h0PSIxIiB4bWxucz0iaHR0cDovL3d3dy53My5vcmcvMjAwMC9zdmciPjwvc3ZnPg==\" style=\"--smush-placeholder-width: 750px; --smush-placeholder-aspect-ratio: 750\/400;\" \/><\/figure>\n\n\n\n<p> <\/p>\n","protected":false},"excerpt":{"rendered":"<p>Luego de que se conociera la desicion de cerrar la dependencia de PAMI, tras fuertes reclamos y con una nota que se le hizo llegar al Licenciado Regional, en la que el Intendente Cecilio Salazar expresa \u201csu preocupaci\u00f3n por la resoluci\u00f3n 225 que indica una reducci\u00f3n en los d\u00edas de atenci\u00f3n en la\u00a0 delegaci\u00f3n PAMI [&hellip;]<\/p>\n","protected":false},"author":4,"featured_media":47954,"comment_status":"open","ping_status":"closed","sticky":false,"template":"","format":"standard","meta":{"om_disable_all_campaigns":false,"_jetpack_memberships_contains_paid_content":false,"footnotes":""},"categories":[50,101,2],"tags":[],"class_list":["post-47934","post","type-post","status-publish","format-standard","has-post-thumbnail","hentry","category-destacadas","category-interes-general-locales","category-locales"],"aioseo_notices":[],"gutentor_comment":0,"jetpack_featured_media_url":"https:\/\/eldiariodesanpedro.com.ar\/sitio\/wp-content\/uploads\/2019\/02\/nota-1440022-reunio-consejo-participativo-pami-alberti-776359.jpg","jetpack_shortlink":"https:\/\/wp.me\/p6RhLt-ct8","jetpack_sharing_enabled":true,"_links":{"self":[{"href":"https:\/\/eldiariodesanpedro.com.ar\/sitio\/wp-json\/wp\/v2\/posts\/47934","targetHints":{"allow":["GET"]}}],"collection":[{"href":"https:\/\/eldiariodesanpedro.com.ar\/sitio\/wp-json\/wp\/v2\/posts"}],"about":[{"href":"https:\/\/eldiariodesanpedro.com.ar\/sitio\/wp-json\/wp\/v2\/types\/post"}],"author":[{"embeddable":true,"href":"https:\/\/eldiariodesanpedro.com.ar\/sitio\/wp-json\/wp\/v2\/users\/4"}],"replies":[{"embeddable":true,"href":"https:\/\/eldiariodesanpedro.com.ar\/sitio\/wp-json\/wp\/v2\/comments?post=47934"}],"version-history":[{"count":3,"href":"https:\/\/eldiariodesanpedro.com.ar\/sitio\/wp-json\/wp\/v2\/posts\/47934\/revisions"}],"predecessor-version":[{"id":47957,"href":"https:\/\/eldiariodesanpedro.com.ar\/sitio\/wp-json\/wp\/v2\/posts\/47934\/revisions\/47957"}],"wp:featuredmedia":[{"embeddable":true,"href":"https:\/\/eldiariodesanpedro.com.ar\/sitio\/wp-json\/wp\/v2\/media\/47954"}],"wp:attachment":[{"href":"https:\/\/eldiariodesanpedro.com.ar\/sitio\/wp-json\/wp\/v2\/media?parent=47934"}],"wp:term":[{"taxonomy":"category","embeddable":true,"href":"https:\/\/eldiariodesanpedro.com.ar\/sitio\/wp-json\/wp\/v2\/categories?post=47934"},{"taxonomy":"post_tag","embeddable":true,"href":"https:\/\/eldiariodesanpedro.com.ar\/sitio\/wp-json\/wp\/v2\/tags?post=47934"}],"curies":[{"name":"wp","href":"https:\/\/api.w.org\/{rel}","templated":true}]}}