{"id":47933,"date":"2019-02-21T09:55:54","date_gmt":"2019-02-21T12:55:54","guid":{"rendered":"https:\/\/eldiariodesanpedro.com.ar\/sitio\/?p=47933"},"modified":"2019-02-21T09:56:04","modified_gmt":"2019-02-21T12:56:04","slug":"zarate-denunciaron-penalmente-al-municipio-por-prohibir-el-ingreso-a-la-costanera","status":"publish","type":"post","link":"https:\/\/eldiariodesanpedro.com.ar\/sitio\/zarate-denunciaron-penalmente-al-municipio-por-prohibir-el-ingreso-a-la-costanera\/","title":{"rendered":"ZARATE: Denunciaron penalmente al Municipio por prohibir el ingreso a la Costanera"},"content":{"rendered":"<!-- VideographyWP Plugin Message: Automatic video embedding prevented by plugin options. -->\n\n<p>\n\nEl fin de semana pasado se llev\u00f3 a cabo el festejo local de carnaval, en las inmediaciones del Paseo de la Rivera. Ante el vallado y el impetuoso cobro de entrada, los vecinos expresaron su enojo. Tal es el caso de Gian Franco Giorgetta, que al ver el ingreso prohibido en el espacio p\u00fablico, decidi\u00f3 tomar acciones legales.<\/p>\n\n\n\n<p>Seg\u00fan los hechos declarados, el d\u00eda 16 de febrero a las 19:45, un grupo de cuatro personas se encontraba a la altura de la gr\u00faa de celulosa, cobrando por un valor de 100 pesos, el paso por Costanera. De no abonar dicho importe, el acceso se vio negado a los transe\u00fantes.<\/p>\n\n\n\n<p>Por tal motivo, Gian Franco Giorgetta decidi\u00f3 realizar en la Comisar\u00eda 1ra de Z\u00e1rate la denuncia penal. \u201d La libre circulaci\u00f3n es un derecho constitucional. No se me pidi\u00f3 una entrada a voluntad, no se me di\u00f3 a elegir si quer\u00eda o no abonar. Directamente se me prohibi\u00f3 el paso y me tuve que ir a otro lugar\u201d, expresa el abogado.<\/p>\n\n\n\n<p>Si bien el show fue organizado por la Comisi\u00f3n Carnavalera de la ciudad, el Municipio de Z\u00e1rate brind\u00f3 el espacio y autoriz\u00f3 a los dirigentes de la organizaci\u00f3n el cobro de entrada, por los gastos que demandan los espect\u00e1culos presentados. Por este motivo, el joven decidi\u00f3 dirigir la denuncia a las autoridades del Ejecutivo, a los efectivos de DPU que avalaron la decisi\u00f3n y a las mujeres que en primer lugar le negaron el acceso en forma directa.<\/p>\n","protected":false},"excerpt":{"rendered":"<p>El fin de semana pasado se llev\u00f3 a cabo el festejo local de carnaval, en las inmediaciones del Paseo de la Rivera. Ante el vallado y el impetuoso cobro de entrada, los vecinos expresaron su enojo. Tal es el caso de Gian Franco Giorgetta, que al ver el ingreso prohibido en el espacio p\u00fablico, decidi\u00f3 [&hellip;]<\/p>\n","protected":false},"author":4,"featured_media":47935,"comment_status":"open","ping_status":"closed","sticky":false,"template":"","format":"standard","meta":{"om_disable_all_campaigns":false,"_jetpack_memberships_contains_paid_content":false,"footnotes":""},"categories":[621],"tags":[],"class_list":["post-47933","post","type-post","status-publish","format-standard","has-post-thumbnail","hentry","category-regionales"],"aioseo_notices":[],"gutentor_comment":0,"jetpack_featured_media_url":"https:\/\/eldiariodesanpedro.com.ar\/sitio\/wp-content\/uploads\/2019\/02\/sin_titulo_164.jpg","jetpack_shortlink":"https:\/\/wp.me\/p6RhLt-ct7","jetpack_sharing_enabled":true,"_links":{"self":[{"href":"https:\/\/eldiariodesanpedro.com.ar\/sitio\/wp-json\/wp\/v2\/posts\/47933","targetHints":{"allow":["GET"]}}],"collection":[{"href":"https:\/\/eldiariodesanpedro.com.ar\/sitio\/wp-json\/wp\/v2\/posts"}],"about":[{"href":"https:\/\/eldiariodesanpedro.com.ar\/sitio\/wp-json\/wp\/v2\/types\/post"}],"author":[{"embeddable":true,"href":"https:\/\/eldiariodesanpedro.com.ar\/sitio\/wp-json\/wp\/v2\/users\/4"}],"replies":[{"embeddable":true,"href":"https:\/\/eldiariodesanpedro.com.ar\/sitio\/wp-json\/wp\/v2\/comments?post=47933"}],"version-history":[{"count":1,"href":"https:\/\/eldiariodesanpedro.com.ar\/sitio\/wp-json\/wp\/v2\/posts\/47933\/revisions"}],"predecessor-version":[{"id":47936,"href":"https:\/\/eldiariodesanpedro.com.ar\/sitio\/wp-json\/wp\/v2\/posts\/47933\/revisions\/47936"}],"wp:featuredmedia":[{"embeddable":true,"href":"https:\/\/eldiariodesanpedro.com.ar\/sitio\/wp-json\/wp\/v2\/media\/47935"}],"wp:attachment":[{"href":"https:\/\/eldiariodesanpedro.com.ar\/sitio\/wp-json\/wp\/v2\/media?parent=47933"}],"wp:term":[{"taxonomy":"category","embeddable":true,"href":"https:\/\/eldiariodesanpedro.com.ar\/sitio\/wp-json\/wp\/v2\/categories?post=47933"},{"taxonomy":"post_tag","embeddable":true,"href":"https:\/\/eldiariodesanpedro.com.ar\/sitio\/wp-json\/wp\/v2\/tags?post=47933"}],"curies":[{"name":"wp","href":"https:\/\/api.w.org\/{rel}","templated":true}]}}