{"id":47930,"date":"2019-02-21T09:52:44","date_gmt":"2019-02-21T12:52:44","guid":{"rendered":"https:\/\/eldiariodesanpedro.com.ar\/sitio\/?p=47930"},"modified":"2019-02-21T09:52:53","modified_gmt":"2019-02-21T12:52:53","slug":"arrecifes-importante-reunion-multisectorial-para-tratar-el-tema-suicidios","status":"publish","type":"post","link":"https:\/\/eldiariodesanpedro.com.ar\/sitio\/arrecifes-importante-reunion-multisectorial-para-tratar-el-tema-suicidios\/","title":{"rendered":"ARRECIFES: Importante reuni\u00f3n multisectorial para tratar el tema suicidios"},"content":{"rendered":"<!-- VideographyWP Plugin Message: Automatic video embedding prevented by plugin options. -->\n\n<p>\n\nEn la ma\u00f1ana de este martes, en el auditorio del Centro Cultural, se realiz\u00f3 una importante reuni\u00f3n de la Mesa Multisectorial de Arrecifes para tratar el tema de la ola de suicidios en nuestra ciudad.<\/p>\n\n\n\n<p>Esta Multisectorial es comandada por el secretario de Salud y Acci\u00f3n Social municipal, Dr. Carlos Mondino, y lo integran distintas autoridades y actores de la comunidad en distintas \u00e1reas que tienen que ver con el trabajo en situaciones de conflicto.<\/p>\n\n\n\n<p>Estuvieron presentes unas cuarenta personas: consejeros escolares (s\u00f3lo de Cambiemos), el presidente del Concejo Deliberante, autoridades policiales de las distintas dependencias, responsables del Centro de Prevenci\u00f3n de Adicciones; de Minoridad, Familia y Tercera Edad; del Servicio Local de Ni\u00f1ez y Adolescencia, de los CAPS, del CIC, asistentes sociales, psiquiatra del Hospital Municipal, ayudante fiscal, juez de Paz; secretario de Gobierno, representantes de los distintos cultos religiosos, entre otros.<\/p>\n\n\n\n<p>Se debati\u00f3 profundamente sobre la problem\u00e1tica, lo que a algunos de los participantes les pareci\u00f3 muy positivo; mientras que otros consideraron que hasta que no se ejecuten acciones concretas, estas charlas no sirven de mucho.<\/p>\n\n\n\n<p>Al finalizar el encuentro, el Dr. Julio C\u00e9sar Mu\u00f1oz, juez de Paz de Arrecifes, realiz\u00f3 una exposici\u00f3n con firmes cr\u00edticas a la inacci\u00f3n de la actual gesti\u00f3n municipal en distintos temas que \u00e9l considera son de urgente importancia social y que -manifest\u00f3- los reclam\u00f3 reiteradamente en varias oportunidades.<\/p>\n\n\n\n<p>El secretario de Gobierno, Dr. Sergio Aldazabal, le respondi\u00f3 saliendo a defender la gesti\u00f3n del equipo que conduce el intendente Javier Olaeta, quien no estuvo presente en la reuni\u00f3n.<\/p>\n\n\n\n<p>Cabe destacar que no se convoc\u00f3 a ning\u00fan dirigente de otros partidos pol\u00edticos fuera del oficialismo.<\/p>\n\n\n\n<p>Fuente: Arrecifes Noticias<\/p>\n","protected":false},"excerpt":{"rendered":"<p>En la ma\u00f1ana de este martes, en el auditorio del Centro Cultural, se realiz\u00f3 una importante reuni\u00f3n de la Mesa Multisectorial de Arrecifes para tratar el tema de la ola de suicidios en nuestra ciudad. Esta Multisectorial es comandada por el secretario de Salud y Acci\u00f3n Social municipal, Dr. Carlos Mondino, y lo integran distintas [&hellip;]<\/p>\n","protected":false},"author":4,"featured_media":47931,"comment_status":"open","ping_status":"closed","sticky":false,"template":"","format":"standard","meta":{"om_disable_all_campaigns":false,"_jetpack_memberships_contains_paid_content":false,"footnotes":""},"categories":[621],"tags":[],"class_list":["post-47930","post","type-post","status-publish","format-standard","has-post-thumbnail","hentry","category-regionales"],"aioseo_notices":[],"gutentor_comment":0,"jetpack_featured_media_url":"https:\/\/eldiariodesanpedro.com.ar\/sitio\/wp-content\/uploads\/2019\/02\/centro-cultural.jpg","jetpack_shortlink":"https:\/\/wp.me\/p6RhLt-ct4","jetpack_sharing_enabled":true,"_links":{"self":[{"href":"https:\/\/eldiariodesanpedro.com.ar\/sitio\/wp-json\/wp\/v2\/posts\/47930","targetHints":{"allow":["GET"]}}],"collection":[{"href":"https:\/\/eldiariodesanpedro.com.ar\/sitio\/wp-json\/wp\/v2\/posts"}],"about":[{"href":"https:\/\/eldiariodesanpedro.com.ar\/sitio\/wp-json\/wp\/v2\/types\/post"}],"author":[{"embeddable":true,"href":"https:\/\/eldiariodesanpedro.com.ar\/sitio\/wp-json\/wp\/v2\/users\/4"}],"replies":[{"embeddable":true,"href":"https:\/\/eldiariodesanpedro.com.ar\/sitio\/wp-json\/wp\/v2\/comments?post=47930"}],"version-history":[{"count":1,"href":"https:\/\/eldiariodesanpedro.com.ar\/sitio\/wp-json\/wp\/v2\/posts\/47930\/revisions"}],"predecessor-version":[{"id":47932,"href":"https:\/\/eldiariodesanpedro.com.ar\/sitio\/wp-json\/wp\/v2\/posts\/47930\/revisions\/47932"}],"wp:featuredmedia":[{"embeddable":true,"href":"https:\/\/eldiariodesanpedro.com.ar\/sitio\/wp-json\/wp\/v2\/media\/47931"}],"wp:attachment":[{"href":"https:\/\/eldiariodesanpedro.com.ar\/sitio\/wp-json\/wp\/v2\/media?parent=47930"}],"wp:term":[{"taxonomy":"category","embeddable":true,"href":"https:\/\/eldiariodesanpedro.com.ar\/sitio\/wp-json\/wp\/v2\/categories?post=47930"},{"taxonomy":"post_tag","embeddable":true,"href":"https:\/\/eldiariodesanpedro.com.ar\/sitio\/wp-json\/wp\/v2\/tags?post=47930"}],"curies":[{"name":"wp","href":"https:\/\/api.w.org\/{rel}","templated":true}]}}