{"id":47927,"date":"2019-02-21T08:52:47","date_gmt":"2019-02-21T11:52:47","guid":{"rendered":"https:\/\/eldiariodesanpedro.com.ar\/sitio\/?p=47927"},"modified":"2019-02-21T08:52:56","modified_gmt":"2019-02-21T11:52:56","slug":"hoy-sera-el-ante-ultimo-ruidazo-partiran-desde-coopser","status":"publish","type":"post","link":"https:\/\/eldiariodesanpedro.com.ar\/sitio\/hoy-sera-el-ante-ultimo-ruidazo-partiran-desde-coopser\/","title":{"rendered":"Hoy sera el ante ultimo ruidazo, partir\u00e1n desde Coopser"},"content":{"rendered":"<!-- VideographyWP Plugin Message: Automatic video embedding prevented by plugin options. -->\n\n<p>A diferencia de las otras seis convocatorias , esta sera la ante ultima antes de la audiencia publica nacional y se reunir\u00e1n en las puertas de la empresa el\u00e9ctrica Coopser y desde all\u00ed marcharan hasta Litoral Gas. <\/p>\n\n\n\n<p>Sera a partir de las 20hs, su horario no cambio y tampoco las agrupaciones pol\u00edticas y sociales, seguir\u00e1n marchando junto a la Multisectorial.<\/p>\n\n\n\n<p> La convocatoria se\u00f1ala que \u00abagua, gas y electricidad son servicios esenciales para vivir dignamente\u00bb<\/p>\n\n\n\n<figure class=\"wp-block-image\"><img decoding=\"async\" width=\"1024\" height=\"576\" data-attachment-id=\"47588\" data-permalink=\"https:\/\/eldiariodesanpedro.com.ar\/sitio\/sexto-ruidazo-el-proximo-sera-desde-coopser\/whatsapp-image-2019-02-14-at-20-44-31\/\" data-orig-file=\"https:\/\/eldiariodesanpedro.com.ar\/sitio\/wp-content\/uploads\/2019\/02\/WhatsApp-Image-2019-02-14-at-20.44.31.jpeg\" data-orig-size=\"1040,585\" data-comments-opened=\"1\" data-image-meta=\"{&quot;aperture&quot;:&quot;0&quot;,&quot;credit&quot;:&quot;&quot;,&quot;camera&quot;:&quot;&quot;,&quot;caption&quot;:&quot;&quot;,&quot;created_timestamp&quot;:&quot;0&quot;,&quot;copyright&quot;:&quot;&quot;,&quot;focal_length&quot;:&quot;0&quot;,&quot;iso&quot;:&quot;0&quot;,&quot;shutter_speed&quot;:&quot;0&quot;,&quot;title&quot;:&quot;&quot;,&quot;orientation&quot;:&quot;0&quot;}\" data-image-title=\"WhatsApp Image 2019-02-14 at 20.44.31\" data-image-description=\"\" data-image-caption=\"\" data-large-file=\"https:\/\/eldiariodesanpedro.com.ar\/sitio\/wp-content\/uploads\/2019\/02\/WhatsApp-Image-2019-02-14-at-20.44.31-1024x576.jpeg\" data-src=\"https:\/\/eldiariodesanpedro.com.ar\/sitio\/wp-content\/uploads\/2019\/02\/WhatsApp-Image-2019-02-14-at-20.44.31-1024x576.jpeg\" alt=\"\" class=\"wp-image-47588 lazyload\" data-srcset=\"https:\/\/eldiariodesanpedro.com.ar\/sitio\/wp-content\/uploads\/2019\/02\/WhatsApp-Image-2019-02-14-at-20.44.31-1024x576.jpeg 1024w, https:\/\/eldiariodesanpedro.com.ar\/sitio\/wp-content\/uploads\/2019\/02\/WhatsApp-Image-2019-02-14-at-20.44.31-300x169.jpeg 300w, https:\/\/eldiariodesanpedro.com.ar\/sitio\/wp-content\/uploads\/2019\/02\/WhatsApp-Image-2019-02-14-at-20.44.31-768x432.jpeg 768w, https:\/\/eldiariodesanpedro.com.ar\/sitio\/wp-content\/uploads\/2019\/02\/WhatsApp-Image-2019-02-14-at-20.44.31.jpeg 1040w\" data-sizes=\"(max-width: 1024px) 100vw, 1024px\" src=\"data:image\/svg+xml;base64,PHN2ZyB3aWR0aD0iMSIgaGVpZ2h0PSIxIiB4bWxucz0iaHR0cDovL3d3dy53My5vcmcvMjAwMC9zdmciPjwvc3ZnPg==\" style=\"--smush-placeholder-width: 1024px; --smush-placeholder-aspect-ratio: 1024\/576;\" \/><\/figure>\n\n\n\n<figure class=\"wp-block-image\"><img decoding=\"async\" width=\"1024\" height=\"576\" data-attachment-id=\"47597\" data-permalink=\"https:\/\/eldiariodesanpedro.com.ar\/sitio\/sexto-ruidazo-el-proximo-sera-desde-coopser\/whatsapp-image-2019-02-14-at-21-00-18\/\" data-orig-file=\"https:\/\/eldiariodesanpedro.com.ar\/sitio\/wp-content\/uploads\/2019\/02\/WhatsApp-Image-2019-02-14-at-21.00.18.jpeg\" data-orig-size=\"1040,585\" data-comments-opened=\"1\" data-image-meta=\"{&quot;aperture&quot;:&quot;0&quot;,&quot;credit&quot;:&quot;&quot;,&quot;camera&quot;:&quot;&quot;,&quot;caption&quot;:&quot;&quot;,&quot;created_timestamp&quot;:&quot;0&quot;,&quot;copyright&quot;:&quot;&quot;,&quot;focal_length&quot;:&quot;0&quot;,&quot;iso&quot;:&quot;0&quot;,&quot;shutter_speed&quot;:&quot;0&quot;,&quot;title&quot;:&quot;&quot;,&quot;orientation&quot;:&quot;0&quot;}\" data-image-title=\"WhatsApp Image 2019-02-14 at 21.00.18\" data-image-description=\"\" data-image-caption=\"\" data-large-file=\"https:\/\/eldiariodesanpedro.com.ar\/sitio\/wp-content\/uploads\/2019\/02\/WhatsApp-Image-2019-02-14-at-21.00.18-1024x576.jpeg\" data-src=\"https:\/\/eldiariodesanpedro.com.ar\/sitio\/wp-content\/uploads\/2019\/02\/WhatsApp-Image-2019-02-14-at-21.00.18-1024x576.jpeg\" alt=\"\" class=\"wp-image-47597 lazyload\" data-srcset=\"https:\/\/eldiariodesanpedro.com.ar\/sitio\/wp-content\/uploads\/2019\/02\/WhatsApp-Image-2019-02-14-at-21.00.18-1024x576.jpeg 1024w, https:\/\/eldiariodesanpedro.com.ar\/sitio\/wp-content\/uploads\/2019\/02\/WhatsApp-Image-2019-02-14-at-21.00.18-300x169.jpeg 300w, https:\/\/eldiariodesanpedro.com.ar\/sitio\/wp-content\/uploads\/2019\/02\/WhatsApp-Image-2019-02-14-at-21.00.18-768x432.jpeg 768w, https:\/\/eldiariodesanpedro.com.ar\/sitio\/wp-content\/uploads\/2019\/02\/WhatsApp-Image-2019-02-14-at-21.00.18.jpeg 1040w\" data-sizes=\"(max-width: 1024px) 100vw, 1024px\" src=\"data:image\/svg+xml;base64,PHN2ZyB3aWR0aD0iMSIgaGVpZ2h0PSIxIiB4bWxucz0iaHR0cDovL3d3dy53My5vcmcvMjAwMC9zdmciPjwvc3ZnPg==\" style=\"--smush-placeholder-width: 1024px; --smush-placeholder-aspect-ratio: 1024\/576;\" \/><\/figure>\n\n\n\n<figure class=\"wp-block-image\"><img decoding=\"async\" width=\"1024\" height=\"576\" data-attachment-id=\"47592\" data-permalink=\"https:\/\/eldiariodesanpedro.com.ar\/sitio\/sexto-ruidazo-el-proximo-sera-desde-coopser\/whatsapp-image-2019-02-14-at-20-45-29\/\" data-orig-file=\"https:\/\/eldiariodesanpedro.com.ar\/sitio\/wp-content\/uploads\/2019\/02\/WhatsApp-Image-2019-02-14-at-20.45.29.jpeg\" data-orig-size=\"1040,585\" data-comments-opened=\"1\" data-image-meta=\"{&quot;aperture&quot;:&quot;0&quot;,&quot;credit&quot;:&quot;&quot;,&quot;camera&quot;:&quot;&quot;,&quot;caption&quot;:&quot;&quot;,&quot;created_timestamp&quot;:&quot;0&quot;,&quot;copyright&quot;:&quot;&quot;,&quot;focal_length&quot;:&quot;0&quot;,&quot;iso&quot;:&quot;0&quot;,&quot;shutter_speed&quot;:&quot;0&quot;,&quot;title&quot;:&quot;&quot;,&quot;orientation&quot;:&quot;0&quot;}\" data-image-title=\"WhatsApp Image 2019-02-14 at 20.45.29\" data-image-description=\"\" data-image-caption=\"\" data-large-file=\"https:\/\/eldiariodesanpedro.com.ar\/sitio\/wp-content\/uploads\/2019\/02\/WhatsApp-Image-2019-02-14-at-20.45.29-1024x576.jpeg\" data-src=\"https:\/\/eldiariodesanpedro.com.ar\/sitio\/wp-content\/uploads\/2019\/02\/WhatsApp-Image-2019-02-14-at-20.45.29-1024x576.jpeg\" alt=\"\" class=\"wp-image-47592 lazyload\" data-srcset=\"https:\/\/eldiariodesanpedro.com.ar\/sitio\/wp-content\/uploads\/2019\/02\/WhatsApp-Image-2019-02-14-at-20.45.29-1024x576.jpeg 1024w, https:\/\/eldiariodesanpedro.com.ar\/sitio\/wp-content\/uploads\/2019\/02\/WhatsApp-Image-2019-02-14-at-20.45.29-300x169.jpeg 300w, https:\/\/eldiariodesanpedro.com.ar\/sitio\/wp-content\/uploads\/2019\/02\/WhatsApp-Image-2019-02-14-at-20.45.29-768x432.jpeg 768w, https:\/\/eldiariodesanpedro.com.ar\/sitio\/wp-content\/uploads\/2019\/02\/WhatsApp-Image-2019-02-14-at-20.45.29.jpeg 1040w\" data-sizes=\"(max-width: 1024px) 100vw, 1024px\" src=\"data:image\/svg+xml;base64,PHN2ZyB3aWR0aD0iMSIgaGVpZ2h0PSIxIiB4bWxucz0iaHR0cDovL3d3dy53My5vcmcvMjAwMC9zdmciPjwvc3ZnPg==\" style=\"--smush-placeholder-width: 1024px; --smush-placeholder-aspect-ratio: 1024\/576;\" \/><\/figure>\n","protected":false},"excerpt":{"rendered":"<p>A diferencia de las otras seis convocatorias , esta sera la ante ultima antes de la audiencia publica nacional y se reunir\u00e1n en las puertas de la empresa el\u00e9ctrica Coopser y desde all\u00ed marcharan hasta Litoral Gas. Sera a partir de las 20hs, su horario no cambio y tampoco las agrupaciones pol\u00edticas y sociales, seguir\u00e1n [&hellip;]<\/p>\n","protected":false},"author":4,"featured_media":47593,"comment_status":"open","ping_status":"closed","sticky":false,"template":"","format":"standard","meta":{"om_disable_all_campaigns":false,"_jetpack_memberships_contains_paid_content":false,"footnotes":""},"categories":[101,2],"tags":[],"class_list":["post-47927","post","type-post","status-publish","format-standard","has-post-thumbnail","hentry","category-interes-general-locales","category-locales"],"aioseo_notices":[],"gutentor_comment":0,"jetpack_featured_media_url":"https:\/\/eldiariodesanpedro.com.ar\/sitio\/wp-content\/uploads\/2019\/02\/WhatsApp-Image-2019-02-14-at-20.45.45.jpeg","jetpack_shortlink":"https:\/\/wp.me\/p6RhLt-ct1","jetpack_sharing_enabled":true,"_links":{"self":[{"href":"https:\/\/eldiariodesanpedro.com.ar\/sitio\/wp-json\/wp\/v2\/posts\/47927","targetHints":{"allow":["GET"]}}],"collection":[{"href":"https:\/\/eldiariodesanpedro.com.ar\/sitio\/wp-json\/wp\/v2\/posts"}],"about":[{"href":"https:\/\/eldiariodesanpedro.com.ar\/sitio\/wp-json\/wp\/v2\/types\/post"}],"author":[{"embeddable":true,"href":"https:\/\/eldiariodesanpedro.com.ar\/sitio\/wp-json\/wp\/v2\/users\/4"}],"replies":[{"embeddable":true,"href":"https:\/\/eldiariodesanpedro.com.ar\/sitio\/wp-json\/wp\/v2\/comments?post=47927"}],"version-history":[{"count":1,"href":"https:\/\/eldiariodesanpedro.com.ar\/sitio\/wp-json\/wp\/v2\/posts\/47927\/revisions"}],"predecessor-version":[{"id":47928,"href":"https:\/\/eldiariodesanpedro.com.ar\/sitio\/wp-json\/wp\/v2\/posts\/47927\/revisions\/47928"}],"wp:featuredmedia":[{"embeddable":true,"href":"https:\/\/eldiariodesanpedro.com.ar\/sitio\/wp-json\/wp\/v2\/media\/47593"}],"wp:attachment":[{"href":"https:\/\/eldiariodesanpedro.com.ar\/sitio\/wp-json\/wp\/v2\/media?parent=47927"}],"wp:term":[{"taxonomy":"category","embeddable":true,"href":"https:\/\/eldiariodesanpedro.com.ar\/sitio\/wp-json\/wp\/v2\/categories?post=47927"},{"taxonomy":"post_tag","embeddable":true,"href":"https:\/\/eldiariodesanpedro.com.ar\/sitio\/wp-json\/wp\/v2\/tags?post=47927"}],"curies":[{"name":"wp","href":"https:\/\/api.w.org\/{rel}","templated":true}]}}