{"id":47919,"date":"2019-02-20T17:16:31","date_gmt":"2019-02-20T20:16:31","guid":{"rendered":"https:\/\/eldiariodesanpedro.com.ar\/sitio\/?p=47919"},"modified":"2019-02-20T17:16:43","modified_gmt":"2019-02-20T20:16:43","slug":"financiacion-para-el-cuidado-ambiental-y-la-mejora-de-calidad","status":"publish","type":"post","link":"https:\/\/eldiariodesanpedro.com.ar\/sitio\/financiacion-para-el-cuidado-ambiental-y-la-mejora-de-calidad\/","title":{"rendered":"Financiaci\u00f3n para el cuidado ambiental y la mejora de calidad"},"content":{"rendered":"<!-- VideographyWP Plugin Message: Automatic video embedding prevented by plugin options. -->\n\n<p>La producci\u00f3n de viveros en contenedores es una tendencia mundial creciente que en nuestra zona se viene intensificando desde la necesidad de producir c\u00edtricos bajo cubierta. Para concretarla, es necesario contar con sustratos adecuados. La C\u00e1mara de Viveristas present\u00f3 un proyecto que fue elegido y ya cuenta con maquinaria financiada parcialmente en el marco de los \u201cFondos de gesti\u00f3n ambiental y sustentable\u201d.<\/p>\n\n\n\n<p>El problema ambiental que supone la actividad extractiva del pan de tierra con las plantas cuando se venden, es algo que se observa desde hace tiempo en nuestra zona. La producci\u00f3n en contenedores resulta no s\u00f3lo una mejor opci\u00f3n para ampliar el per\u00edodo de comercializaci\u00f3n y la producci\u00f3n bajo cubierta, sino tambi\u00e9n para superar esta limitante en los recursos naturales.<\/p>\n\n\n\n<p>Por ello, entre las l\u00edneas de acci\u00f3n de la C\u00e1mara de Viveristas, en 2018 se present\u00f3 un proyecto para la adquisici\u00f3n de una pala para la preparaci\u00f3n de sustratos a bajo costo. El proyecto fue aprobado, y supuso el 60% en aportes no reembolsables de una maquinaria que permite la remoci\u00f3n del sustrato en el proceso de estabilizaci\u00f3n y el 40% restante se financi\u00f3 a trav\u00e9s de microcr\u00e9ditos gestionados por la Fundaci\u00f3n ArgenINTA.<\/p>\n\n\n\n<p>En estos \u00faltimos a\u00f1os tanto los productores como los organismos de ciencia y t\u00e9cnica han buscado y evaluado alternativas para el reemplazo de los sustratos que compran afuera. En 2017 se inici\u00f3 la prueba del compostaje de residuos agr\u00edcolas e industriales para ser utilizados como componente de los sustratos para la producci\u00f3n de plantas en maceta. Desde entonces se han realizados varias pruebas con muy buenos resultados para aprender sobre el manejo de las pilas, y a fines de 2018 se recibi\u00f3 la noticia de la aprobaci\u00f3n del proyecto, de manera que en enero se logr\u00f3 adquirir la pala que facilitar\u00e1 el manejo de grandes cantidades de compost.<\/p>\n\n\n\n<p>Como otros logros de los viveristas en los \u00faltimos tiempos, est\u00e1n vinculados al Cl\u00faster Flor\u00edcola de AMBA y San Pedro que acompa\u00f1an el INTA y el Cambio Rural. El proyecto fue aprobado y financiado por DIPROSE (Direcci\u00f3n General de Programas y Proyectos Sectoriales y Especiales) a trav\u00e9s de los &nbsp;Fondos de Gesti\u00f3n Ambiental Sustentable.\n\n<\/p>\n","protected":false},"excerpt":{"rendered":"<p>La producci\u00f3n de viveros en contenedores es una tendencia mundial creciente que en nuestra zona se viene intensificando desde la necesidad de producir c\u00edtricos bajo cubierta. Para concretarla, es necesario contar con sustratos adecuados. La C\u00e1mara de Viveristas present\u00f3 un proyecto que fue elegido y ya cuenta con maquinaria financiada parcialmente en el marco de [&hellip;]<\/p>\n","protected":false},"author":4,"featured_media":47920,"comment_status":"open","ping_status":"closed","sticky":false,"template":"","format":"standard","meta":{"om_disable_all_campaigns":false,"_jetpack_memberships_contains_paid_content":false,"footnotes":""},"categories":[101,2],"tags":[],"class_list":["post-47919","post","type-post","status-publish","format-standard","has-post-thumbnail","hentry","category-interes-general-locales","category-locales"],"aioseo_notices":[],"gutentor_comment":0,"jetpack_featured_media_url":"https:\/\/eldiariodesanpedro.com.ar\/sitio\/wp-content\/uploads\/2019\/02\/unnamed-1.jpg","jetpack_shortlink":"https:\/\/wp.me\/p6RhLt-csT","jetpack_sharing_enabled":true,"_links":{"self":[{"href":"https:\/\/eldiariodesanpedro.com.ar\/sitio\/wp-json\/wp\/v2\/posts\/47919","targetHints":{"allow":["GET"]}}],"collection":[{"href":"https:\/\/eldiariodesanpedro.com.ar\/sitio\/wp-json\/wp\/v2\/posts"}],"about":[{"href":"https:\/\/eldiariodesanpedro.com.ar\/sitio\/wp-json\/wp\/v2\/types\/post"}],"author":[{"embeddable":true,"href":"https:\/\/eldiariodesanpedro.com.ar\/sitio\/wp-json\/wp\/v2\/users\/4"}],"replies":[{"embeddable":true,"href":"https:\/\/eldiariodesanpedro.com.ar\/sitio\/wp-json\/wp\/v2\/comments?post=47919"}],"version-history":[{"count":1,"href":"https:\/\/eldiariodesanpedro.com.ar\/sitio\/wp-json\/wp\/v2\/posts\/47919\/revisions"}],"predecessor-version":[{"id":47921,"href":"https:\/\/eldiariodesanpedro.com.ar\/sitio\/wp-json\/wp\/v2\/posts\/47919\/revisions\/47921"}],"wp:featuredmedia":[{"embeddable":true,"href":"https:\/\/eldiariodesanpedro.com.ar\/sitio\/wp-json\/wp\/v2\/media\/47920"}],"wp:attachment":[{"href":"https:\/\/eldiariodesanpedro.com.ar\/sitio\/wp-json\/wp\/v2\/media?parent=47919"}],"wp:term":[{"taxonomy":"category","embeddable":true,"href":"https:\/\/eldiariodesanpedro.com.ar\/sitio\/wp-json\/wp\/v2\/categories?post=47919"},{"taxonomy":"post_tag","embeddable":true,"href":"https:\/\/eldiariodesanpedro.com.ar\/sitio\/wp-json\/wp\/v2\/tags?post=47919"}],"curies":[{"name":"wp","href":"https:\/\/api.w.org\/{rel}","templated":true}]}}