{"id":47911,"date":"2019-02-20T11:45:33","date_gmt":"2019-02-20T14:45:33","guid":{"rendered":"https:\/\/eldiariodesanpedro.com.ar\/sitio\/?p=47911"},"modified":"2019-02-20T11:45:42","modified_gmt":"2019-02-20T14:45:42","slug":"primer-festival-del-pescador-y-chamame","status":"publish","type":"post","link":"https:\/\/eldiariodesanpedro.com.ar\/sitio\/primer-festival-del-pescador-y-chamame\/","title":{"rendered":"Primer Festival del Pescador y Chamame"},"content":{"rendered":"<!-- VideographyWP Plugin Message: Automatic video embedding prevented by plugin options. -->\n\n<p>El evento se realizara este sabado 24 de febrero en el Paseo Publico. Comenzara a las 10 de la ma\u00f1ana con artistas en el escenario. La cantina sera a beneficio para comprar un acorde\u00f3n a piano a la artista sampedrina Priscila Colom \u00abLa Gurisita de La Costa\u00bb.<\/p>\n\n\n\n<figure class=\"wp-block-image\"><img decoding=\"async\" width=\"1040\" height=\"585\" data-attachment-id=\"47912\" data-permalink=\"https:\/\/eldiariodesanpedro.com.ar\/sitio\/primer-festival-del-pescador-y-chamame\/whatsapp-image-2019-02-20-at-10-00-31\/\" data-orig-file=\"https:\/\/eldiariodesanpedro.com.ar\/sitio\/wp-content\/uploads\/2019\/02\/WhatsApp-Image-2019-02-20-at-10.00.31.jpeg\" data-orig-size=\"1040,585\" data-comments-opened=\"1\" data-image-meta=\"{&quot;aperture&quot;:&quot;0&quot;,&quot;credit&quot;:&quot;&quot;,&quot;camera&quot;:&quot;&quot;,&quot;caption&quot;:&quot;&quot;,&quot;created_timestamp&quot;:&quot;0&quot;,&quot;copyright&quot;:&quot;&quot;,&quot;focal_length&quot;:&quot;0&quot;,&quot;iso&quot;:&quot;0&quot;,&quot;shutter_speed&quot;:&quot;0&quot;,&quot;title&quot;:&quot;&quot;,&quot;orientation&quot;:&quot;0&quot;}\" data-image-title=\"WhatsApp Image 2019-02-20 at 10.00.31\" data-image-description=\"\" data-image-caption=\"\" data-large-file=\"https:\/\/eldiariodesanpedro.com.ar\/sitio\/wp-content\/uploads\/2019\/02\/WhatsApp-Image-2019-02-20-at-10.00.31-1024x576.jpeg\" data-src=\"https:\/\/i0.wp.com\/eldiariodesanpedro.com.ar\/sitio\/wp-content\/uploads\/2019\/02\/WhatsApp-Image-2019-02-20-at-10.00.31.jpeg?fit=660%2C371\" alt=\"\" class=\"wp-image-47912 lazyload\" data-srcset=\"https:\/\/eldiariodesanpedro.com.ar\/sitio\/wp-content\/uploads\/2019\/02\/WhatsApp-Image-2019-02-20-at-10.00.31.jpeg 1040w, https:\/\/eldiariodesanpedro.com.ar\/sitio\/wp-content\/uploads\/2019\/02\/WhatsApp-Image-2019-02-20-at-10.00.31-300x169.jpeg 300w, https:\/\/eldiariodesanpedro.com.ar\/sitio\/wp-content\/uploads\/2019\/02\/WhatsApp-Image-2019-02-20-at-10.00.31-768x432.jpeg 768w, https:\/\/eldiariodesanpedro.com.ar\/sitio\/wp-content\/uploads\/2019\/02\/WhatsApp-Image-2019-02-20-at-10.00.31-1024x576.jpeg 1024w\" data-sizes=\"(max-width: 1040px) 100vw, 1040px\" src=\"data:image\/svg+xml;base64,PHN2ZyB3aWR0aD0iMSIgaGVpZ2h0PSIxIiB4bWxucz0iaHR0cDovL3d3dy53My5vcmcvMjAwMC9zdmciPjwvc3ZnPg==\" style=\"--smush-placeholder-width: 1040px; --smush-placeholder-aspect-ratio: 1040\/585;\" \/><\/figure>\n\n\n\n<p>Esta ma\u00f1ana se realizo una conferencia de prensa presentando el pr\u00f3ximo festival promocionado por el fondo cultural municipal a realizarse este sabado 24 en el Paseo Publico.<\/p>\n\n\n\n<figure class=\"wp-block-image\"><img decoding=\"async\" width=\"1040\" height=\"585\" data-attachment-id=\"47915\" data-permalink=\"https:\/\/eldiariodesanpedro.com.ar\/sitio\/primer-festival-del-pescador-y-chamame\/whatsapp-image-2019-02-20-at-09-34-40\/\" data-orig-file=\"https:\/\/eldiariodesanpedro.com.ar\/sitio\/wp-content\/uploads\/2019\/02\/WhatsApp-Image-2019-02-20-at-09.34.40.jpeg\" data-orig-size=\"1040,585\" data-comments-opened=\"1\" data-image-meta=\"{&quot;aperture&quot;:&quot;0&quot;,&quot;credit&quot;:&quot;&quot;,&quot;camera&quot;:&quot;&quot;,&quot;caption&quot;:&quot;&quot;,&quot;created_timestamp&quot;:&quot;0&quot;,&quot;copyright&quot;:&quot;&quot;,&quot;focal_length&quot;:&quot;0&quot;,&quot;iso&quot;:&quot;0&quot;,&quot;shutter_speed&quot;:&quot;0&quot;,&quot;title&quot;:&quot;&quot;,&quot;orientation&quot;:&quot;0&quot;}\" data-image-title=\"WhatsApp Image 2019-02-20 at 09.34.40\" data-image-description=\"\" data-image-caption=\"\" data-large-file=\"https:\/\/eldiariodesanpedro.com.ar\/sitio\/wp-content\/uploads\/2019\/02\/WhatsApp-Image-2019-02-20-at-09.34.40-1024x576.jpeg\" data-src=\"https:\/\/i1.wp.com\/eldiariodesanpedro.com.ar\/sitio\/wp-content\/uploads\/2019\/02\/WhatsApp-Image-2019-02-20-at-09.34.40.jpeg?fit=660%2C371\" alt=\"\" class=\"wp-image-47915 lazyload\" data-srcset=\"https:\/\/eldiariodesanpedro.com.ar\/sitio\/wp-content\/uploads\/2019\/02\/WhatsApp-Image-2019-02-20-at-09.34.40.jpeg 1040w, https:\/\/eldiariodesanpedro.com.ar\/sitio\/wp-content\/uploads\/2019\/02\/WhatsApp-Image-2019-02-20-at-09.34.40-300x169.jpeg 300w, https:\/\/eldiariodesanpedro.com.ar\/sitio\/wp-content\/uploads\/2019\/02\/WhatsApp-Image-2019-02-20-at-09.34.40-768x432.jpeg 768w, https:\/\/eldiariodesanpedro.com.ar\/sitio\/wp-content\/uploads\/2019\/02\/WhatsApp-Image-2019-02-20-at-09.34.40-1024x576.jpeg 1024w\" data-sizes=\"(max-width: 1040px) 100vw, 1040px\" src=\"data:image\/svg+xml;base64,PHN2ZyB3aWR0aD0iMSIgaGVpZ2h0PSIxIiB4bWxucz0iaHR0cDovL3d3dy53My5vcmcvMjAwMC9zdmciPjwvc3ZnPg==\" style=\"--smush-placeholder-width: 1040px; --smush-placeholder-aspect-ratio: 1040\/585;\" \/><\/figure>\n\n\n\n<p>Cesar Cejas organizador del evento cont\u00f3 detalles \u00bb este primer festival contara  con toda la gastronom\u00eda del parana junto a San Pedro emprende y la cantina  a total beneficio para la Gurisita, vamos a tener muchos artistas invitados, el ballet de Salta y mucho mas, la Vigencita Santa Catalina tambi\u00e9n nos acompa\u00f1ara que desde el a\u00f1o 2012 no se lleva arriba de un escenario junto al Gauchito Gil<\/p>\n\n\n\n<p>\u00abEste evento esta auspiciado por el fondo cultural y la municipalidad de san pedro y el INTA DELTA del Parana que viene acompa\u00f1ando a los pescadores desde hace mucho tiempo, queremos visibilizar el trabajo que hacen todos los emprendedores de nuestra ciudad, ademas el pr\u00f3ximo evento, porque queremos continuar, sera a beneficio de otro artista o de alguna entidad\u00bb<\/p>\n\n\n\n<p>En la presentaci\u00f3n ademas  se encontraba presente Patricia Silva, representante de Vida Animal,  quienes van a participar en pedido de colaboraci\u00f3n para los perritos en situaci\u00f3n de calle, referentes de San Pedro emprende quienes va a exponer su material en la feria.<\/p>\n\n\n\n<p>Por ultimo, Eduardo Mi\u00f1o, presidente de la Asociaci\u00f3n Civil de Pescadores Argentinos resalto el gran trabajo de los pescadores \u00abest\u00e1n capacitados, tienen todo tipo de cursos hechos, libreta sanitaria al d\u00eda, queremos demostrar lo que venimos haciendo hasta ahora, como podemos integrar lo que es el pescado en la sociedad, como le ponemos el valor agregado, va haber mucho para disfrutar\u00bb.<\/p>\n\n\n\n<p>En una entrevista aparte con este medio, dialogamos con Priscila, \u00abLa Gurisita de La Costa\u00bb quien nos contaba  \u00abdesde los 10 a\u00f1os empece con un \u00f3rgano tocando primeramente la pantera rosa, a medida que fue pasando  el tiempo en mi casa hab\u00eda una acorde\u00f3n vieja, que tenia mas o menos unos cien a\u00f1os, era del t\u00edo de mi papa y bueno, como se vera tocar?  pensaba,  yo miraba un chico que la tocaba con mucha pasi\u00f3n y bueno, as\u00ed me anime, empece a estudiar por youtube, ya tenia como 11 y surgi\u00f3 ya salir a tocar donde me bautizaron la gurisita de la costa\u00bb<\/p>\n\n\n\n<p>\u00abEspero feliz mi acorde\u00f3n, ya quiero ponerme a tocar\u00bb, finalizaba feliz  la nota.<\/p>\n\n\n\n<ul class=\"wp-block-gallery columns-2 is-cropped wp-block-gallery-1 is-layout-flex wp-block-gallery-is-layout-flex\"><li class=\"blocks-gallery-item\"><figure><img decoding=\"async\" width=\"960\" height=\"960\" data-attachment-id=\"47913\" data-permalink=\"https:\/\/eldiariodesanpedro.com.ar\/sitio\/primer-festival-del-pescador-y-chamame\/20800166_1714549788846977_1731092087869163281_n\/\" data-orig-file=\"https:\/\/eldiariodesanpedro.com.ar\/sitio\/wp-content\/uploads\/2019\/02\/20800166_1714549788846977_1731092087869163281_n.jpg\" data-orig-size=\"960,960\" data-comments-opened=\"1\" data-image-meta=\"{&quot;aperture&quot;:&quot;0&quot;,&quot;credit&quot;:&quot;&quot;,&quot;camera&quot;:&quot;&quot;,&quot;caption&quot;:&quot;&quot;,&quot;created_timestamp&quot;:&quot;0&quot;,&quot;copyright&quot;:&quot;&quot;,&quot;focal_length&quot;:&quot;0&quot;,&quot;iso&quot;:&quot;0&quot;,&quot;shutter_speed&quot;:&quot;0&quot;,&quot;title&quot;:&quot;&quot;,&quot;orientation&quot;:&quot;0&quot;}\" data-image-title=\"20800166_1714549788846977_1731092087869163281_n\" data-image-description=\"\" data-image-caption=\"\" data-large-file=\"https:\/\/eldiariodesanpedro.com.ar\/sitio\/wp-content\/uploads\/2019\/02\/20800166_1714549788846977_1731092087869163281_n.jpg\" data-src=\"https:\/\/eldiariodesanpedro.com.ar\/sitio\/wp-content\/uploads\/2019\/02\/20800166_1714549788846977_1731092087869163281_n.jpg\" alt=\"\" data-id=\"47913\" data-link=\"https:\/\/eldiariodesanpedro.com.ar\/sitio\/?attachment_id=47913\" class=\"wp-image-47913 lazyload\" data-srcset=\"https:\/\/eldiariodesanpedro.com.ar\/sitio\/wp-content\/uploads\/2019\/02\/20800166_1714549788846977_1731092087869163281_n.jpg 960w, https:\/\/eldiariodesanpedro.com.ar\/sitio\/wp-content\/uploads\/2019\/02\/20800166_1714549788846977_1731092087869163281_n-150x150.jpg 150w, https:\/\/eldiariodesanpedro.com.ar\/sitio\/wp-content\/uploads\/2019\/02\/20800166_1714549788846977_1731092087869163281_n-300x300.jpg 300w, https:\/\/eldiariodesanpedro.com.ar\/sitio\/wp-content\/uploads\/2019\/02\/20800166_1714549788846977_1731092087869163281_n-768x768.jpg 768w\" data-sizes=\"(max-width: 960px) 100vw, 960px\" src=\"data:image\/svg+xml;base64,PHN2ZyB3aWR0aD0iMSIgaGVpZ2h0PSIxIiB4bWxucz0iaHR0cDovL3d3dy53My5vcmcvMjAwMC9zdmciPjwvc3ZnPg==\" style=\"--smush-placeholder-width: 960px; --smush-placeholder-aspect-ratio: 960\/960;\" \/><\/figure><\/li><li class=\"blocks-gallery-item\"><figure><img decoding=\"async\" width=\"720\" height=\"960\" data-attachment-id=\"47914\" data-permalink=\"https:\/\/eldiariodesanpedro.com.ar\/sitio\/primer-festival-del-pescador-y-chamame\/51599166_2099969973451776_4631275050731831296_n\/\" data-orig-file=\"https:\/\/eldiariodesanpedro.com.ar\/sitio\/wp-content\/uploads\/2019\/02\/51599166_2099969973451776_4631275050731831296_n.jpg\" data-orig-size=\"720,960\" data-comments-opened=\"1\" data-image-meta=\"{&quot;aperture&quot;:&quot;0&quot;,&quot;credit&quot;:&quot;&quot;,&quot;camera&quot;:&quot;&quot;,&quot;caption&quot;:&quot;&quot;,&quot;created_timestamp&quot;:&quot;0&quot;,&quot;copyright&quot;:&quot;&quot;,&quot;focal_length&quot;:&quot;0&quot;,&quot;iso&quot;:&quot;0&quot;,&quot;shutter_speed&quot;:&quot;0&quot;,&quot;title&quot;:&quot;&quot;,&quot;orientation&quot;:&quot;0&quot;}\" data-image-title=\"51599166_2099969973451776_4631275050731831296_n\" data-image-description=\"\" data-image-caption=\"\" data-large-file=\"https:\/\/eldiariodesanpedro.com.ar\/sitio\/wp-content\/uploads\/2019\/02\/51599166_2099969973451776_4631275050731831296_n.jpg\" data-src=\"https:\/\/eldiariodesanpedro.com.ar\/sitio\/wp-content\/uploads\/2019\/02\/51599166_2099969973451776_4631275050731831296_n.jpg\" alt=\"\" data-id=\"47914\" data-link=\"https:\/\/eldiariodesanpedro.com.ar\/sitio\/?attachment_id=47914\" class=\"wp-image-47914 lazyload\" data-srcset=\"https:\/\/eldiariodesanpedro.com.ar\/sitio\/wp-content\/uploads\/2019\/02\/51599166_2099969973451776_4631275050731831296_n.jpg 720w, https:\/\/eldiariodesanpedro.com.ar\/sitio\/wp-content\/uploads\/2019\/02\/51599166_2099969973451776_4631275050731831296_n-225x300.jpg 225w\" data-sizes=\"(max-width: 720px) 100vw, 720px\" src=\"data:image\/svg+xml;base64,PHN2ZyB3aWR0aD0iMSIgaGVpZ2h0PSIxIiB4bWxucz0iaHR0cDovL3d3dy53My5vcmcvMjAwMC9zdmciPjwvc3ZnPg==\" style=\"--smush-placeholder-width: 720px; --smush-placeholder-aspect-ratio: 720\/960;\" \/><\/figure><\/li><\/ul>\n","protected":false},"excerpt":{"rendered":"<p>El evento se realizara este sabado 24 de febrero en el Paseo Publico. Comenzara a las 10 de la ma\u00f1ana con artistas en el escenario. La cantina sera a beneficio para comprar un acorde\u00f3n a piano a la artista sampedrina Priscila Colom \u00abLa Gurisita de La Costa\u00bb. Esta ma\u00f1ana se realizo una conferencia de prensa [&hellip;]<\/p>\n","protected":false},"author":4,"featured_media":47918,"comment_status":"open","ping_status":"closed","sticky":false,"template":"","format":"standard","meta":{"om_disable_all_campaigns":false,"_jetpack_memberships_contains_paid_content":false,"footnotes":""},"categories":[50,101,2],"tags":[],"class_list":["post-47911","post","type-post","status-publish","format-standard","has-post-thumbnail","hentry","category-destacadas","category-interes-general-locales","category-locales"],"aioseo_notices":[],"gutentor_comment":0,"jetpack_featured_media_url":"https:\/\/eldiariodesanpedro.com.ar\/sitio\/wp-content\/uploads\/2019\/02\/51593558_1985494618419158_4714998798147911680_n.jpg","jetpack_shortlink":"https:\/\/wp.me\/p6RhLt-csL","jetpack_sharing_enabled":true,"_links":{"self":[{"href":"https:\/\/eldiariodesanpedro.com.ar\/sitio\/wp-json\/wp\/v2\/posts\/47911","targetHints":{"allow":["GET"]}}],"collection":[{"href":"https:\/\/eldiariodesanpedro.com.ar\/sitio\/wp-json\/wp\/v2\/posts"}],"about":[{"href":"https:\/\/eldiariodesanpedro.com.ar\/sitio\/wp-json\/wp\/v2\/types\/post"}],"author":[{"embeddable":true,"href":"https:\/\/eldiariodesanpedro.com.ar\/sitio\/wp-json\/wp\/v2\/users\/4"}],"replies":[{"embeddable":true,"href":"https:\/\/eldiariodesanpedro.com.ar\/sitio\/wp-json\/wp\/v2\/comments?post=47911"}],"version-history":[{"count":1,"href":"https:\/\/eldiariodesanpedro.com.ar\/sitio\/wp-json\/wp\/v2\/posts\/47911\/revisions"}],"predecessor-version":[{"id":47916,"href":"https:\/\/eldiariodesanpedro.com.ar\/sitio\/wp-json\/wp\/v2\/posts\/47911\/revisions\/47916"}],"wp:featuredmedia":[{"embeddable":true,"href":"https:\/\/eldiariodesanpedro.com.ar\/sitio\/wp-json\/wp\/v2\/media\/47918"}],"wp:attachment":[{"href":"https:\/\/eldiariodesanpedro.com.ar\/sitio\/wp-json\/wp\/v2\/media?parent=47911"}],"wp:term":[{"taxonomy":"category","embeddable":true,"href":"https:\/\/eldiariodesanpedro.com.ar\/sitio\/wp-json\/wp\/v2\/categories?post=47911"},{"taxonomy":"post_tag","embeddable":true,"href":"https:\/\/eldiariodesanpedro.com.ar\/sitio\/wp-json\/wp\/v2\/tags?post=47911"}],"curies":[{"name":"wp","href":"https:\/\/api.w.org\/{rel}","templated":true}]}}