{"id":47893,"date":"2019-02-20T10:16:51","date_gmt":"2019-02-20T13:16:51","guid":{"rendered":"https:\/\/eldiariodesanpedro.com.ar\/sitio\/?p=47893"},"modified":"2019-02-20T10:17:00","modified_gmt":"2019-02-20T13:17:00","slug":"campana-tres-heridos-en-otro-vuelco-en-la-ruta-6","status":"publish","type":"post","link":"https:\/\/eldiariodesanpedro.com.ar\/sitio\/campana-tres-heridos-en-otro-vuelco-en-la-ruta-6\/","title":{"rendered":"CAMPANA: Tres heridos en otro vuelco en la Ruta 6"},"content":{"rendered":"<!-- VideographyWP Plugin Message: Automatic video embedding prevented by plugin options. -->\n\n<p>\n\nUna familia fue hospitalizada tras perder el control del veh\u00edculo, a metros de la rotonda de Las Acacias, a la altura de las obras del nuevo peaje. El lugar sigue sin contar con iluminaci\u00f3n.<\/p>\n\n\n\n<p>Tres heridos, un hombre, una mujer y un ni\u00f1o, resultaron heridos luego de protagonizar un accidente en la Ruta 6, a metros de la rotonda de Las Acacias.<br><br>Es que el mal estado del trazado, y la falta de iluminaci\u00f3n, siguen siendo factores fundamentales a la hora de los accidentes. Seg\u00fan trascendi\u00f3, el Peugeot 308 habr\u00eda tomado un pozo reventando un neum\u00e1tico.<br><br>All\u00ed su conductor, Jorge Plata, perdi\u00f3 el control del veh\u00edculo, el cual volc\u00f3 y termin\u00f3 sobre el parterre central, que divide ambos sentidos.<br><br>Junto al automovilista, tambi\u00e9n resultaron con heridas sus acompa\u00f1antes: Mar\u00eda Luc\u00eda Pe\u00f1a y el menor Victoriano Ruiz Pe\u00f1a.\u00a0<br><br>El accidente se produjo cerca de la medianoche, a la altura de las obras de lo que ser\u00eda el nuevo peaje, y los heridos fueron trasladados al Hospital por una ambulancia del Same.<\/p>\n\n\n\n<p>Fuente: Campana Noticias<\/p>\n","protected":false},"excerpt":{"rendered":"<p>Una familia fue hospitalizada tras perder el control del veh\u00edculo, a metros de la rotonda de Las Acacias, a la altura de las obras del nuevo peaje. El lugar sigue sin contar con iluminaci\u00f3n. Tres heridos, un hombre, una mujer y un ni\u00f1o, resultaron heridos luego de protagonizar un accidente en la Ruta 6, a [&hellip;]<\/p>\n","protected":false},"author":4,"featured_media":47894,"comment_status":"open","ping_status":"closed","sticky":false,"template":"","format":"standard","meta":{"om_disable_all_campaigns":false,"_jetpack_memberships_contains_paid_content":false,"footnotes":""},"categories":[621],"tags":[],"class_list":["post-47893","post","type-post","status-publish","format-standard","has-post-thumbnail","hentry","category-regionales"],"aioseo_notices":[],"gutentor_comment":0,"jetpack_featured_media_url":"https:\/\/eldiariodesanpedro.com.ar\/sitio\/wp-content\/uploads\/2019\/02\/20190219103846.jpg","jetpack_shortlink":"https:\/\/wp.me\/p6RhLt-cst","jetpack_sharing_enabled":true,"_links":{"self":[{"href":"https:\/\/eldiariodesanpedro.com.ar\/sitio\/wp-json\/wp\/v2\/posts\/47893","targetHints":{"allow":["GET"]}}],"collection":[{"href":"https:\/\/eldiariodesanpedro.com.ar\/sitio\/wp-json\/wp\/v2\/posts"}],"about":[{"href":"https:\/\/eldiariodesanpedro.com.ar\/sitio\/wp-json\/wp\/v2\/types\/post"}],"author":[{"embeddable":true,"href":"https:\/\/eldiariodesanpedro.com.ar\/sitio\/wp-json\/wp\/v2\/users\/4"}],"replies":[{"embeddable":true,"href":"https:\/\/eldiariodesanpedro.com.ar\/sitio\/wp-json\/wp\/v2\/comments?post=47893"}],"version-history":[{"count":1,"href":"https:\/\/eldiariodesanpedro.com.ar\/sitio\/wp-json\/wp\/v2\/posts\/47893\/revisions"}],"predecessor-version":[{"id":47895,"href":"https:\/\/eldiariodesanpedro.com.ar\/sitio\/wp-json\/wp\/v2\/posts\/47893\/revisions\/47895"}],"wp:featuredmedia":[{"embeddable":true,"href":"https:\/\/eldiariodesanpedro.com.ar\/sitio\/wp-json\/wp\/v2\/media\/47894"}],"wp:attachment":[{"href":"https:\/\/eldiariodesanpedro.com.ar\/sitio\/wp-json\/wp\/v2\/media?parent=47893"}],"wp:term":[{"taxonomy":"category","embeddable":true,"href":"https:\/\/eldiariodesanpedro.com.ar\/sitio\/wp-json\/wp\/v2\/categories?post=47893"},{"taxonomy":"post_tag","embeddable":true,"href":"https:\/\/eldiariodesanpedro.com.ar\/sitio\/wp-json\/wp\/v2\/tags?post=47893"}],"curies":[{"name":"wp","href":"https:\/\/api.w.org\/{rel}","templated":true}]}}