{"id":47889,"date":"2019-02-20T10:11:46","date_gmt":"2019-02-20T13:11:46","guid":{"rendered":"https:\/\/eldiariodesanpedro.com.ar\/sitio\/?p=47889"},"modified":"2019-02-20T10:11:56","modified_gmt":"2019-02-20T13:11:56","slug":"zarate-advierten-por-envenenamiento-de-perros-en-plaza-cooperativa","status":"publish","type":"post","link":"https:\/\/eldiariodesanpedro.com.ar\/sitio\/zarate-advierten-por-envenenamiento-de-perros-en-plaza-cooperativa\/","title":{"rendered":"Z\u00c1RATE: Advierten por envenenamiento de perros en Plaza Cooperativa"},"content":{"rendered":"<!-- VideographyWP Plugin Message: Automatic video embedding prevented by plugin options. -->\n\n<p>\n\nSiguen apareciendo casos de perros envenenados. En esta oportunidad, ocurri\u00f3 en las inmediaciones de calles 25 de Mayo y Belgrano, en una concurrida plaza de la ciudad.<\/p>\n\n\n\n<p>Sucedi\u00f3 el pasado viernes 15, cuando Josefina decidi\u00f3 como todas las tardes sacar a pasear a \u201cIsis\u201d. Dado que el animal tiene la costumbre de morder palos de \u00e1rboles, no llam\u00f3 la atenci\u00f3n de su due\u00f1a cuando la vio juguetear con los elementos del parque y morder los troncos que se cruzaron en su camino.<\/p>\n\n\n\n<p>Al volver a su hogar, a tan s\u00f3lo media cuadra, not\u00f3 que la reaccion de su mascota no era la habitual: \u201ccu\u00e1ndo salgo del ba\u00f1o me pareci\u00f3 no verla esper\u00e1ndome en la puerta del mismo c\u00f3mo lo hace siempre.&nbsp;Pens\u00e9 que estaba en la terraza, ella siempre sale y vuelve a entrar. La llamo por su nombre, no ven\u00eda, asi que entro a mi dormitorio y estaba tirada en la alfombra. No daba signos. No parpadeaba ni se mov\u00eda. La subi a mi cama y estaba completamente dura, no cerraba los ojos, no me escuchaba, largaba agua amarilla por la boca\u201d, relata la joven.<\/p>\n\n\n\n<p>Ante el angustiante suceso,&nbsp;logr\u00f3 conseguir un veterinario de guardia en tiempo r\u00e9cord, quien le suministr\u00f3 4 inyecciones a la perra. \u201cEl diagn\u00f3stico fue que sufri\u00f3 una intoxicaci\u00f3n severa producto de un envenenamiento y que por suerte no ingiri\u00f3 un poco m\u00e1s porque no estar\u00eda viva\u201d, cuenta aliviada Josefina.<\/p>\n\n\n\n<p>A pesar de la dram\u00e1tica experiencia, Isis se encuentra a salvo. Sin embargo, encendi\u00f3 nuevamente la alarma por envenenadores seriales de animales en espacios p\u00fablicos de la ciudad.<\/p>\n\n\n\n<p>Fuente: Zarate Alerta<\/p>\n","protected":false},"excerpt":{"rendered":"<p>Siguen apareciendo casos de perros envenenados. En esta oportunidad, ocurri\u00f3 en las inmediaciones de calles 25 de Mayo y Belgrano, en una concurrida plaza de la ciudad. Sucedi\u00f3 el pasado viernes 15, cuando Josefina decidi\u00f3 como todas las tardes sacar a pasear a \u201cIsis\u201d. Dado que el animal tiene la costumbre de morder palos de [&hellip;]<\/p>\n","protected":false},"author":4,"featured_media":47890,"comment_status":"open","ping_status":"closed","sticky":false,"template":"","format":"standard","meta":{"om_disable_all_campaigns":false,"_jetpack_memberships_contains_paid_content":false,"footnotes":""},"categories":[621],"tags":[],"class_list":["post-47889","post","type-post","status-publish","format-standard","has-post-thumbnail","hentry","category-regionales"],"aioseo_notices":[],"gutentor_comment":0,"jetpack_featured_media_url":"https:\/\/eldiariodesanpedro.com.ar\/sitio\/wp-content\/uploads\/2019\/02\/sin_titulo_162.jpg","jetpack_shortlink":"https:\/\/wp.me\/p6RhLt-csp","jetpack_sharing_enabled":true,"_links":{"self":[{"href":"https:\/\/eldiariodesanpedro.com.ar\/sitio\/wp-json\/wp\/v2\/posts\/47889","targetHints":{"allow":["GET"]}}],"collection":[{"href":"https:\/\/eldiariodesanpedro.com.ar\/sitio\/wp-json\/wp\/v2\/posts"}],"about":[{"href":"https:\/\/eldiariodesanpedro.com.ar\/sitio\/wp-json\/wp\/v2\/types\/post"}],"author":[{"embeddable":true,"href":"https:\/\/eldiariodesanpedro.com.ar\/sitio\/wp-json\/wp\/v2\/users\/4"}],"replies":[{"embeddable":true,"href":"https:\/\/eldiariodesanpedro.com.ar\/sitio\/wp-json\/wp\/v2\/comments?post=47889"}],"version-history":[{"count":1,"href":"https:\/\/eldiariodesanpedro.com.ar\/sitio\/wp-json\/wp\/v2\/posts\/47889\/revisions"}],"predecessor-version":[{"id":47892,"href":"https:\/\/eldiariodesanpedro.com.ar\/sitio\/wp-json\/wp\/v2\/posts\/47889\/revisions\/47892"}],"wp:featuredmedia":[{"embeddable":true,"href":"https:\/\/eldiariodesanpedro.com.ar\/sitio\/wp-json\/wp\/v2\/media\/47890"}],"wp:attachment":[{"href":"https:\/\/eldiariodesanpedro.com.ar\/sitio\/wp-json\/wp\/v2\/media?parent=47889"}],"wp:term":[{"taxonomy":"category","embeddable":true,"href":"https:\/\/eldiariodesanpedro.com.ar\/sitio\/wp-json\/wp\/v2\/categories?post=47889"},{"taxonomy":"post_tag","embeddable":true,"href":"https:\/\/eldiariodesanpedro.com.ar\/sitio\/wp-json\/wp\/v2\/tags?post=47889"}],"curies":[{"name":"wp","href":"https:\/\/api.w.org\/{rel}","templated":true}]}}