{"id":47886,"date":"2019-02-20T10:09:34","date_gmt":"2019-02-20T13:09:34","guid":{"rendered":"https:\/\/eldiariodesanpedro.com.ar\/sitio\/?p=47886"},"modified":"2019-02-20T10:09:43","modified_gmt":"2019-02-20T13:09:43","slug":"arrecifes-decimosegundo-suicidio-consecutivo","status":"publish","type":"post","link":"https:\/\/eldiariodesanpedro.com.ar\/sitio\/arrecifes-decimosegundo-suicidio-consecutivo\/","title":{"rendered":"ARRECIFES: Decimosegundo suicidio consecutivo"},"content":{"rendered":"<!-- VideographyWP Plugin Message: Automatic video embedding prevented by plugin options. -->\n\n<p>\n\nLa terrible e incre\u00edble ola de suicidios en Arrecifes no se detiene. Tristemente tenemos que informar sobre otro joven que se quit\u00f3 la vida en nuestra ciudad.<\/p>\n\n\n\n<p>Se trata de Nicol\u00e1s Fabi\u00e1n Benedetti, de 16 a\u00f1os de edad, quien tom\u00f3 la tr\u00e1gica decisi\u00f3n de terminar con su vida por ahorcamiento.<\/p>\n\n\n\n<p>Ocurri\u00f3 aproximadamente a las 6:30 de la ma\u00f1ana en su domicilio de Avenida Molina. Lo encontr\u00f3 su hermano mayor, que llam\u00f3 al 911 para que la polic\u00eda tome conocimiento del hecho.<\/p>\n\n\n\n<p>Precisamente hoy, 19 de febrero, se cumplen exactamente tres meses del primer suicidio de esta dram\u00e1tica sucesi\u00f3n de casos.\u00a0<\/p>\n\n\n\n<p>Fuente: Arrecifes Noticias<\/p>\n","protected":false},"excerpt":{"rendered":"<p>La terrible e incre\u00edble ola de suicidios en Arrecifes no se detiene. Tristemente tenemos que informar sobre otro joven que se quit\u00f3 la vida en nuestra ciudad. Se trata de Nicol\u00e1s Fabi\u00e1n Benedetti, de 16 a\u00f1os de edad, quien tom\u00f3 la tr\u00e1gica decisi\u00f3n de terminar con su vida por ahorcamiento. Ocurri\u00f3 aproximadamente a las 6:30 [&hellip;]<\/p>\n","protected":false},"author":4,"featured_media":47887,"comment_status":"open","ping_status":"closed","sticky":false,"template":"","format":"standard","meta":{"om_disable_all_campaigns":false,"_jetpack_memberships_contains_paid_content":false,"footnotes":""},"categories":[621],"tags":[],"class_list":["post-47886","post","type-post","status-publish","format-standard","has-post-thumbnail","hentry","category-regionales"],"aioseo_notices":[],"gutentor_comment":0,"jetpack_featured_media_url":"https:\/\/eldiariodesanpedro.com.ar\/sitio\/wp-content\/uploads\/2019\/02\/patrullero-policia_5.jpg","jetpack_shortlink":"https:\/\/wp.me\/p6RhLt-csm","jetpack_sharing_enabled":true,"_links":{"self":[{"href":"https:\/\/eldiariodesanpedro.com.ar\/sitio\/wp-json\/wp\/v2\/posts\/47886","targetHints":{"allow":["GET"]}}],"collection":[{"href":"https:\/\/eldiariodesanpedro.com.ar\/sitio\/wp-json\/wp\/v2\/posts"}],"about":[{"href":"https:\/\/eldiariodesanpedro.com.ar\/sitio\/wp-json\/wp\/v2\/types\/post"}],"author":[{"embeddable":true,"href":"https:\/\/eldiariodesanpedro.com.ar\/sitio\/wp-json\/wp\/v2\/users\/4"}],"replies":[{"embeddable":true,"href":"https:\/\/eldiariodesanpedro.com.ar\/sitio\/wp-json\/wp\/v2\/comments?post=47886"}],"version-history":[{"count":1,"href":"https:\/\/eldiariodesanpedro.com.ar\/sitio\/wp-json\/wp\/v2\/posts\/47886\/revisions"}],"predecessor-version":[{"id":47888,"href":"https:\/\/eldiariodesanpedro.com.ar\/sitio\/wp-json\/wp\/v2\/posts\/47886\/revisions\/47888"}],"wp:featuredmedia":[{"embeddable":true,"href":"https:\/\/eldiariodesanpedro.com.ar\/sitio\/wp-json\/wp\/v2\/media\/47887"}],"wp:attachment":[{"href":"https:\/\/eldiariodesanpedro.com.ar\/sitio\/wp-json\/wp\/v2\/media?parent=47886"}],"wp:term":[{"taxonomy":"category","embeddable":true,"href":"https:\/\/eldiariodesanpedro.com.ar\/sitio\/wp-json\/wp\/v2\/categories?post=47886"},{"taxonomy":"post_tag","embeddable":true,"href":"https:\/\/eldiariodesanpedro.com.ar\/sitio\/wp-json\/wp\/v2\/tags?post=47886"}],"curies":[{"name":"wp","href":"https:\/\/api.w.org\/{rel}","templated":true}]}}