{"id":47883,"date":"2019-02-20T10:07:06","date_gmt":"2019-02-20T13:07:06","guid":{"rendered":"https:\/\/eldiariodesanpedro.com.ar\/sitio\/?p=47883"},"modified":"2019-02-20T10:07:15","modified_gmt":"2019-02-20T13:07:15","slug":"zarate-el-crimen-de-juan-manuel-macedo-termino-en-un-juicio-abreviado-y-el-unico-imputado-fue-condenado-a-casi-13-anos-de-prision","status":"publish","type":"post","link":"https:\/\/eldiariodesanpedro.com.ar\/sitio\/zarate-el-crimen-de-juan-manuel-macedo-termino-en-un-juicio-abreviado-y-el-unico-imputado-fue-condenado-a-casi-13-anos-de-prision\/","title":{"rendered":"Z\u00c1RATE: El crimen de Juan Manuel Macedo termin\u00f3 en un juicio abreviado y el \u00fanico imputado fue condenado a casi 13 a\u00f1os de prisi\u00f3n"},"content":{"rendered":"<!-- VideographyWP Plugin Message: Automatic video embedding prevented by plugin options. -->\n\n<p>En la madrugada del 17 de marzo de 2017 el joven de 28 a\u00f1os fue asesinado de una pu\u00f1alada en pleno centro zarate\u00f1o, 19 de Marzo y R\u00f3mulo Noya. Por el crimen se detuvo a un sujeto de apellido Mercuri que qued\u00f3 imputado en primera instancia por \u201chomicidio simple\u201d y la familia de Juan Manuel ped\u00eda la caratula de \u201chomicidio agravado por alevos\u00eda\u201d. El 18 de marzo de este a\u00f1o era la fecha de inicio del juicio oral, sin embargo en el medio surgi\u00f3 una pena que tiene sabor a poco, a casi nada\u2026 <\/p>\n\n\n\n<p>Fuentes extraoficiales confirmaron a este medio que en las \u00faltimas horas y tras haber acordado un juicio abreviado (el sistema se aplica a cualquier delito cuando se acuerde una pena que puede ser privativa de la libertad o no, que no supere los 15 a\u00f1os de prisi\u00f3n. El Fiscal, junto al Defensor y el imputado, formaliza el acuerdo y lo presenta ante el Juez), Mercuri con frondosos antecedentes penales fue condenado a 12 a\u00f1os y 8 meses de prisi\u00f3n.<\/p>\n\n\n\n<p>El abogado que patrocinaba a la familia Macedo y que hab\u00eda solicitado la caratula de&nbsp;\u201chomicidio agravado por alevos\u00eda\u201d, que contempla una pena de hasta reclusi\u00f3n perpetua, hab\u00eda sido separado de la causa a menos de un mes del inicio del juicio oral.<\/p>\n\n\n\n<p>\u00bfFue justicia?. \u00bfTan poco vale la vida de un joven a manos de su victimario?. \u00bfTan poco vale el duelo de una familia?.<\/p>\n\n\n\n<p>Fuente: Enlace Critico <\/p>\n","protected":false},"excerpt":{"rendered":"<p>En la madrugada del 17 de marzo de 2017 el joven de 28 a\u00f1os fue asesinado de una pu\u00f1alada en pleno centro zarate\u00f1o, 19 de Marzo y R\u00f3mulo Noya. Por el crimen se detuvo a un sujeto de apellido Mercuri que qued\u00f3 imputado en primera instancia por \u201chomicidio simple\u201d y la familia de Juan Manuel [&hellip;]<\/p>\n","protected":false},"author":4,"featured_media":47884,"comment_status":"open","ping_status":"closed","sticky":false,"template":"","format":"standard","meta":{"om_disable_all_campaigns":false,"_jetpack_memberships_contains_paid_content":false,"footnotes":""},"categories":[621],"tags":[],"class_list":["post-47883","post","type-post","status-publish","format-standard","has-post-thumbnail","hentry","category-regionales"],"aioseo_notices":[],"gutentor_comment":0,"jetpack_featured_media_url":"https:\/\/eldiariodesanpedro.com.ar\/sitio\/wp-content\/uploads\/2019\/02\/17362360_10208109685206639_7331048524363272091_n_657x400.jpg","jetpack_shortlink":"https:\/\/wp.me\/p6RhLt-csj","jetpack_sharing_enabled":true,"_links":{"self":[{"href":"https:\/\/eldiariodesanpedro.com.ar\/sitio\/wp-json\/wp\/v2\/posts\/47883","targetHints":{"allow":["GET"]}}],"collection":[{"href":"https:\/\/eldiariodesanpedro.com.ar\/sitio\/wp-json\/wp\/v2\/posts"}],"about":[{"href":"https:\/\/eldiariodesanpedro.com.ar\/sitio\/wp-json\/wp\/v2\/types\/post"}],"author":[{"embeddable":true,"href":"https:\/\/eldiariodesanpedro.com.ar\/sitio\/wp-json\/wp\/v2\/users\/4"}],"replies":[{"embeddable":true,"href":"https:\/\/eldiariodesanpedro.com.ar\/sitio\/wp-json\/wp\/v2\/comments?post=47883"}],"version-history":[{"count":1,"href":"https:\/\/eldiariodesanpedro.com.ar\/sitio\/wp-json\/wp\/v2\/posts\/47883\/revisions"}],"predecessor-version":[{"id":47885,"href":"https:\/\/eldiariodesanpedro.com.ar\/sitio\/wp-json\/wp\/v2\/posts\/47883\/revisions\/47885"}],"wp:featuredmedia":[{"embeddable":true,"href":"https:\/\/eldiariodesanpedro.com.ar\/sitio\/wp-json\/wp\/v2\/media\/47884"}],"wp:attachment":[{"href":"https:\/\/eldiariodesanpedro.com.ar\/sitio\/wp-json\/wp\/v2\/media?parent=47883"}],"wp:term":[{"taxonomy":"category","embeddable":true,"href":"https:\/\/eldiariodesanpedro.com.ar\/sitio\/wp-json\/wp\/v2\/categories?post=47883"},{"taxonomy":"post_tag","embeddable":true,"href":"https:\/\/eldiariodesanpedro.com.ar\/sitio\/wp-json\/wp\/v2\/tags?post=47883"}],"curies":[{"name":"wp","href":"https:\/\/api.w.org\/{rel}","templated":true}]}}