{"id":47880,"date":"2019-02-20T10:03:30","date_gmt":"2019-02-20T13:03:30","guid":{"rendered":"https:\/\/eldiariodesanpedro.com.ar\/sitio\/?p=47880"},"modified":"2019-02-20T10:03:40","modified_gmt":"2019-02-20T13:03:40","slug":"arrecifes-cerro-otro-taller-de-confecciones","status":"publish","type":"post","link":"https:\/\/eldiariodesanpedro.com.ar\/sitio\/arrecifes-cerro-otro-taller-de-confecciones\/","title":{"rendered":"ARRECIFES: Cerr\u00f3 otro taller de confecciones"},"content":{"rendered":"<!-- VideographyWP Plugin Message: Automatic video embedding prevented by plugin options. -->\n\n<p>Como en el resto del pa\u00eds, en Arrecifes contin\u00faan cerrando sus puertas comercios y empresas a causa de la grave crisis econ\u00f3mica que atraviesa la Argentina.<\/p>\n\n\n\n<p>El sector textil es uno de los m\u00e1s castigados por la recesi\u00f3n, la importaci\u00f3n indiscriminada y el ahogo fiscal. En los \u00faltimos tiempos han ido cerrando varios talleres chicos y qued\u00e1ndose sin trabajo tambi\u00e9n costureras particulares que laburaban en sus casas.<\/p>\n\n\n\n<p>Y hoy se confirm\u00f3 el cierre del taller de confecciones de Jacinto L\u00f3pez, despu\u00e9s de una permanencia ininterrumpida de m\u00e1s de 40 a\u00f1os.<\/p>\n\n\n\n<p>En los \u00faltimos a\u00f1os disminuy\u00f3 la cantidad de firmas que le encargaban trabajos, hasta quedar con dos. Hasta que una de ellas tambi\u00e9n dej\u00f3 de traerle cortes y el taller qued\u00f3 confeccionando s\u00f3lo para una.<\/p>\n\n\n\n<p>Ya no pod\u00edan pagarles a sus empleados y deb\u00edan tomar dinero de sus escasos ahorros para poder cumplirles, por ello no les qued\u00f3 otra alternativa que bajar las persianas.<\/p>\n\n\n\n<p>Con el cierre del taller de Jacinto L\u00f3pez se quedan sin trabajo m\u00e1s de diez personas en forma directa e indirecta.<\/p>\n\n\n\n<p>Fuente: Noticias Argentinas<\/p>\n","protected":false},"excerpt":{"rendered":"<p>Como en el resto del pa\u00eds, en Arrecifes contin\u00faan cerrando sus puertas comercios y empresas a causa de la grave crisis econ\u00f3mica que atraviesa la Argentina. El sector textil es uno de los m\u00e1s castigados por la recesi\u00f3n, la importaci\u00f3n indiscriminada y el ahogo fiscal. En los \u00faltimos tiempos han ido cerrando varios talleres chicos [&hellip;]<\/p>\n","protected":false},"author":4,"featured_media":47881,"comment_status":"open","ping_status":"closed","sticky":false,"template":"","format":"standard","meta":{"om_disable_all_campaigns":false,"_jetpack_memberships_contains_paid_content":false,"footnotes":""},"categories":[621],"tags":[],"class_list":["post-47880","post","type-post","status-publish","format-standard","has-post-thumbnail","hentry","category-regionales"],"aioseo_notices":[],"gutentor_comment":0,"jetpack_featured_media_url":"https:\/\/eldiariodesanpedro.com.ar\/sitio\/wp-content\/uploads\/2019\/02\/taller-costura.jpg","jetpack_shortlink":"https:\/\/wp.me\/p6RhLt-csg","jetpack_sharing_enabled":true,"_links":{"self":[{"href":"https:\/\/eldiariodesanpedro.com.ar\/sitio\/wp-json\/wp\/v2\/posts\/47880","targetHints":{"allow":["GET"]}}],"collection":[{"href":"https:\/\/eldiariodesanpedro.com.ar\/sitio\/wp-json\/wp\/v2\/posts"}],"about":[{"href":"https:\/\/eldiariodesanpedro.com.ar\/sitio\/wp-json\/wp\/v2\/types\/post"}],"author":[{"embeddable":true,"href":"https:\/\/eldiariodesanpedro.com.ar\/sitio\/wp-json\/wp\/v2\/users\/4"}],"replies":[{"embeddable":true,"href":"https:\/\/eldiariodesanpedro.com.ar\/sitio\/wp-json\/wp\/v2\/comments?post=47880"}],"version-history":[{"count":1,"href":"https:\/\/eldiariodesanpedro.com.ar\/sitio\/wp-json\/wp\/v2\/posts\/47880\/revisions"}],"predecessor-version":[{"id":47882,"href":"https:\/\/eldiariodesanpedro.com.ar\/sitio\/wp-json\/wp\/v2\/posts\/47880\/revisions\/47882"}],"wp:featuredmedia":[{"embeddable":true,"href":"https:\/\/eldiariodesanpedro.com.ar\/sitio\/wp-json\/wp\/v2\/media\/47881"}],"wp:attachment":[{"href":"https:\/\/eldiariodesanpedro.com.ar\/sitio\/wp-json\/wp\/v2\/media?parent=47880"}],"wp:term":[{"taxonomy":"category","embeddable":true,"href":"https:\/\/eldiariodesanpedro.com.ar\/sitio\/wp-json\/wp\/v2\/categories?post=47880"},{"taxonomy":"post_tag","embeddable":true,"href":"https:\/\/eldiariodesanpedro.com.ar\/sitio\/wp-json\/wp\/v2\/tags?post=47880"}],"curies":[{"name":"wp","href":"https:\/\/api.w.org\/{rel}","templated":true}]}}