{"id":47876,"date":"2019-02-20T09:59:57","date_gmt":"2019-02-20T12:59:57","guid":{"rendered":"https:\/\/eldiariodesanpedro.com.ar\/sitio\/?p=47876"},"modified":"2019-02-20T17:22:47","modified_gmt":"2019-02-20T20:22:47","slug":"salazar-todavia-no-he-pensado-en-la-campana-por-que-estamos-trabajando-mucho-video","status":"publish","type":"post","link":"https:\/\/eldiariodesanpedro.com.ar\/sitio\/salazar-todavia-no-he-pensado-en-la-campana-por-que-estamos-trabajando-mucho-video\/","title":{"rendered":"Salazar: \u201cTodav\u00eda no he pensado en la campa\u00f1a por que estamos trabajando mucho\u00bb (Video)"},"content":{"rendered":"<!-- VideographyWP Plugin Message: Automatic video embedding prevented by plugin options. -->\n\n<p>Grupo La Provincia convers\u00f3 con el intendente de San Pedro, Cecilio Salazar, sobre c\u00f3mo arranc\u00f3 el 2019 en materia electoral. Habl\u00f3 de su futuro pol\u00edtico.<\/p>\n\n\n\n<p> -Comenz\u00f3 un a\u00f1o interesante\u2026<br> S\u00ed, se viene un a\u00f1o donde ya arranc\u00f3 la campa\u00f1a de parte de la oposici\u00f3n. Mientras tanto yo le digo a mi equipo que la mejor campa\u00f1a que podemos hacer es trabajar, es la gesti\u00f3n. Todav\u00eda no he pensado en la campa\u00f1a porque estamos trabajando mucho.<\/p>\n\n\n\n<p> -Y en esto de trabajar mucho \u00bfEn qu\u00e9 cuestiones ha puesto el foco?<br> Estos tres a\u00f1os han sido muy fruct\u00edferos para San Pedro, con esfuerzo y mucho trabajo. Estamos haciendo obras de infraestructura. Todo super\u00f3 nuestras expectativas pero uno se da cuenta que falta mucho. San Pedro cuenta con 1600 cuadras. Hemos arreglado alrededor de mil. Hemos hecho asfalto en m\u00e1s de 500 cuadras. Tambi\u00e9n obras de agua, cloacas, luz en los barrios perif\u00e9ricos. Pero nos damos cuenta que todav\u00eda falta mucho.<br> Estos tres a\u00f1os han sido muy buenos pero estamos enfocados para tratar de llegar a todos los barrios. La gente est\u00e1 cada vez m\u00e1s demandante. Ve que se hace mucho trabajo en los barrios y nos piden que se hagan en los suyos. Es entendible por eso estamos planificando este a\u00f1o llegar a la mayor cantidad de barrios.<\/p>\n\n\n\n<p> -Cuatro a\u00f1os quedan cortos \u00bfPiensa en ir por una reelecci\u00f3n?<br> Cuando asum\u00ed, San Pedro era el peor Municipio gestionado de la Provincia. Estaba abandonado social y econ\u00f3micamente. Hab\u00eda una deuda inmensa y un desorden extraordinario. Y ha costado mucho ordenarlo. Estamos saliendo, m\u00e1s lentamente de lo que quiero, pero estamos saliendo y ordenando la econom\u00eda. Si lo miro desde ese punto de vista, estos cuatros a\u00f1os no van a alcanzar. Pero he tenido la visi\u00f3n de armar un buen equipo de trabajo y lo he logrado. La mayor\u00eda trabaja mucho y bien. Y dentro de eso, algunos de ellos tambi\u00e9n est\u00e1n en condiciones de ser candidatos.<br> estamos analizando mi reelecci\u00f3n. Esto es muchos esfuerzo, es desgastante. Lo decidir\u00e9 en mayo, junio.<\/p>\n\n\n\n<p> Hay dos o tres que pueden ser candidatos y ganar. Hoy estoy 50 y 50 para ser candidato. El equipo quiere, en su mayor\u00eda, que sea yo el candidato.<br> <\/p>\n\n\n\n<p>Fuente: Grupo La Provincia<\/p>\n\n\n\n<figure class=\"wp-block-embed-youtube wp-block-embed is-type-video is-provider-youtube wp-embed-aspect-16-9 wp-has-aspect-ratio\"><div class=\"wp-block-embed__wrapper\">\n<iframe  style=\"display: block; margin: 0px auto;\"  id=\"_ytid_49894\"  width=\"640\" height=\"360\"  data-origwidth=\"640\" data-origheight=\"360\" src=\"https:\/\/www.youtube.com\/embed\/kRwviEOIYrw?enablejsapi=1&#038;autoplay=0&#038;cc_load_policy=0&#038;cc_lang_pref=&#038;iv_load_policy=1&#038;loop=0&#038;rel=1&#038;fs=1&#038;playsinline=0&#038;autohide=2&#038;theme=dark&#038;color=red&#038;controls=1&#038;disablekb=0&#038;\" class=\"__youtube_prefs__  epyt-is-override  no-lazyload\" title=\"YouTube player\"  allow=\"fullscreen; accelerometer; autoplay; clipboard-write; encrypted-media; gyroscope; picture-in-picture; web-share\" referrerpolicy=\"strict-origin-when-cross-origin\" allowfullscreen data-no-lazy=\"1\" data-skipgform_ajax_framebjll=\"\"><\/iframe>\n<\/div><\/figure>\n","protected":false},"excerpt":{"rendered":"<p>Grupo La Provincia convers\u00f3 con el intendente de San Pedro, Cecilio Salazar, sobre c\u00f3mo arranc\u00f3 el 2019 en materia electoral. Habl\u00f3 de su futuro pol\u00edtico. -Comenz\u00f3 un a\u00f1o interesante\u2026 S\u00ed, se viene un a\u00f1o donde ya arranc\u00f3 la campa\u00f1a de parte de la oposici\u00f3n. Mientras tanto yo le digo a mi equipo que la mejor [&hellip;]<\/p>\n","protected":false},"author":4,"featured_media":47877,"comment_status":"open","ping_status":"closed","sticky":false,"template":"","format":"standard","meta":{"om_disable_all_campaigns":false,"_jetpack_memberships_contains_paid_content":false,"footnotes":""},"categories":[2,102],"tags":[],"class_list":["post-47876","post","type-post","status-publish","format-standard","has-post-thumbnail","hentry","category-locales","category-politica-locales"],"aioseo_notices":[],"gutentor_comment":0,"jetpack_featured_media_url":"https:\/\/eldiariodesanpedro.com.ar\/sitio\/wp-content\/uploads\/2019\/02\/salazar_intendente.jpg","jetpack_shortlink":"https:\/\/wp.me\/p6RhLt-csc","jetpack_sharing_enabled":true,"_links":{"self":[{"href":"https:\/\/eldiariodesanpedro.com.ar\/sitio\/wp-json\/wp\/v2\/posts\/47876","targetHints":{"allow":["GET"]}}],"collection":[{"href":"https:\/\/eldiariodesanpedro.com.ar\/sitio\/wp-json\/wp\/v2\/posts"}],"about":[{"href":"https:\/\/eldiariodesanpedro.com.ar\/sitio\/wp-json\/wp\/v2\/types\/post"}],"author":[{"embeddable":true,"href":"https:\/\/eldiariodesanpedro.com.ar\/sitio\/wp-json\/wp\/v2\/users\/4"}],"replies":[{"embeddable":true,"href":"https:\/\/eldiariodesanpedro.com.ar\/sitio\/wp-json\/wp\/v2\/comments?post=47876"}],"version-history":[{"count":2,"href":"https:\/\/eldiariodesanpedro.com.ar\/sitio\/wp-json\/wp\/v2\/posts\/47876\/revisions"}],"predecessor-version":[{"id":47924,"href":"https:\/\/eldiariodesanpedro.com.ar\/sitio\/wp-json\/wp\/v2\/posts\/47876\/revisions\/47924"}],"wp:featuredmedia":[{"embeddable":true,"href":"https:\/\/eldiariodesanpedro.com.ar\/sitio\/wp-json\/wp\/v2\/media\/47877"}],"wp:attachment":[{"href":"https:\/\/eldiariodesanpedro.com.ar\/sitio\/wp-json\/wp\/v2\/media?parent=47876"}],"wp:term":[{"taxonomy":"category","embeddable":true,"href":"https:\/\/eldiariodesanpedro.com.ar\/sitio\/wp-json\/wp\/v2\/categories?post=47876"},{"taxonomy":"post_tag","embeddable":true,"href":"https:\/\/eldiariodesanpedro.com.ar\/sitio\/wp-json\/wp\/v2\/tags?post=47876"}],"curies":[{"name":"wp","href":"https:\/\/api.w.org\/{rel}","templated":true}]}}