{"id":47868,"date":"2019-02-20T09:03:20","date_gmt":"2019-02-20T12:03:20","guid":{"rendered":"https:\/\/eldiariodesanpedro.com.ar\/sitio\/?p=47868"},"modified":"2019-02-20T09:03:29","modified_gmt":"2019-02-20T12:03:29","slug":"comenzo-la-pavimentacion-de-12-cuadras-en-los-aromitos","status":"publish","type":"post","link":"https:\/\/eldiariodesanpedro.com.ar\/sitio\/comenzo-la-pavimentacion-de-12-cuadras-en-los-aromitos\/","title":{"rendered":"Comenz\u00f3 la pavimentaci\u00f3n de 12 cuadras en Los Aromitos"},"content":{"rendered":"<!-- VideographyWP Plugin Message: Automatic video embedding prevented by plugin options. -->\n\n<p>Por la ma\u00f1ana del martes comenzaron los trabajos\u00a0 para la pavimentaci\u00f3n de 12 cuadras en el Barrio Los Aromitos. El plan que comenz\u00f3 el a\u00f1o pasado en Gobernador Castro y continu\u00f3 en uno de los accesos a R\u00edo Tala, contempla adem\u00e1s obras en Villa Igoillo, Paran\u00e1 y La Esperanza. El programa abarca 135 cuadras y est\u00e1 a cargo de la empresa Ingeniero Reano S. A. (IARSA) oriunda de San Nicol\u00e1s.\u00a0<\/p>\n\n\n\n<p><br>El Intendente Cecilio Salazar y el Ingeniero Agust\u00edn Vaca de la Secretar\u00eda de Obras P\u00fablicas, recorrieron la zona en la que se inici\u00f3 el movimiento de suelos para la preparaci\u00f3n de la base sobre la que se aplicar\u00e1 el asfalto. Si las condiciones clim\u00e1ticas lo permiten luego de los cuatro o cinco d\u00edas necesarios que deben transcurrir tras \u00a0las primeras tareas, se podr\u00eda iniciar la etapa final de la obra.\u00a0<\/p>\n\n\n\n<p><br>La pavimentaci\u00f3n de esta zona de Los Aromitos cambiar\u00e1 notablemente las condiciones del barrio, generando mejoras sustanciales en la calidad de vida de los vecinos como viene ocurriendo\u00a0 en otras zonas de San Pedro Ciudad y de las localidades, que han esperado durante muchos a\u00f1os.<br><\/p>\n\n\n\n<ul class=\"wp-block-gallery columns-3 is-cropped wp-block-gallery-1 is-layout-flex wp-block-gallery-is-layout-flex\"><li class=\"blocks-gallery-item\"><figure><img decoding=\"async\" width=\"1024\" height=\"768\" data-attachment-id=\"47869\" data-permalink=\"https:\/\/eldiariodesanpedro.com.ar\/sitio\/comenzo-la-pavimentacion-de-12-cuadras-en-los-aromitos\/pavimento-los-aromitos-2\/\" data-orig-file=\"https:\/\/eldiariodesanpedro.com.ar\/sitio\/wp-content\/uploads\/2019\/02\/Pavimento-Los-Aromitos-2.jpg\" data-orig-size=\"1032,774\" data-comments-opened=\"1\" data-image-meta=\"{&quot;aperture&quot;:&quot;0&quot;,&quot;credit&quot;:&quot;&quot;,&quot;camera&quot;:&quot;&quot;,&quot;caption&quot;:&quot;&quot;,&quot;created_timestamp&quot;:&quot;0&quot;,&quot;copyright&quot;:&quot;&quot;,&quot;focal_length&quot;:&quot;0&quot;,&quot;iso&quot;:&quot;0&quot;,&quot;shutter_speed&quot;:&quot;0&quot;,&quot;title&quot;:&quot;&quot;,&quot;orientation&quot;:&quot;0&quot;}\" data-image-title=\"Pavimento Los Aromitos (2)\" data-image-description=\"\" data-image-caption=\"\" data-large-file=\"https:\/\/eldiariodesanpedro.com.ar\/sitio\/wp-content\/uploads\/2019\/02\/Pavimento-Los-Aromitos-2-1024x768.jpg\" data-src=\"https:\/\/eldiariodesanpedro.com.ar\/sitio\/wp-content\/uploads\/2019\/02\/Pavimento-Los-Aromitos-2-1024x768.jpg\" alt=\"\" data-id=\"47869\" data-link=\"https:\/\/eldiariodesanpedro.com.ar\/sitio\/?attachment_id=47869\" class=\"wp-image-47869 lazyload\" data-srcset=\"https:\/\/eldiariodesanpedro.com.ar\/sitio\/wp-content\/uploads\/2019\/02\/Pavimento-Los-Aromitos-2-1024x768.jpg 1024w, https:\/\/eldiariodesanpedro.com.ar\/sitio\/wp-content\/uploads\/2019\/02\/Pavimento-Los-Aromitos-2-300x225.jpg 300w, https:\/\/eldiariodesanpedro.com.ar\/sitio\/wp-content\/uploads\/2019\/02\/Pavimento-Los-Aromitos-2-768x576.jpg 768w, https:\/\/eldiariodesanpedro.com.ar\/sitio\/wp-content\/uploads\/2019\/02\/Pavimento-Los-Aromitos-2.jpg 1032w\" data-sizes=\"(max-width: 1024px) 100vw, 1024px\" src=\"data:image\/svg+xml;base64,PHN2ZyB3aWR0aD0iMSIgaGVpZ2h0PSIxIiB4bWxucz0iaHR0cDovL3d3dy53My5vcmcvMjAwMC9zdmciPjwvc3ZnPg==\" style=\"--smush-placeholder-width: 1024px; --smush-placeholder-aspect-ratio: 1024\/768;\" \/><\/figure><\/li><li class=\"blocks-gallery-item\"><figure><img decoding=\"async\" width=\"1024\" height=\"768\" data-attachment-id=\"47870\" data-permalink=\"https:\/\/eldiariodesanpedro.com.ar\/sitio\/comenzo-la-pavimentacion-de-12-cuadras-en-los-aromitos\/pavimento-los-aromitos-3\/\" data-orig-file=\"https:\/\/eldiariodesanpedro.com.ar\/sitio\/wp-content\/uploads\/2019\/02\/Pavimento-Los-Aromitos-3.jpg\" data-orig-size=\"1032,774\" data-comments-opened=\"1\" data-image-meta=\"{&quot;aperture&quot;:&quot;0&quot;,&quot;credit&quot;:&quot;&quot;,&quot;camera&quot;:&quot;&quot;,&quot;caption&quot;:&quot;&quot;,&quot;created_timestamp&quot;:&quot;0&quot;,&quot;copyright&quot;:&quot;&quot;,&quot;focal_length&quot;:&quot;0&quot;,&quot;iso&quot;:&quot;0&quot;,&quot;shutter_speed&quot;:&quot;0&quot;,&quot;title&quot;:&quot;&quot;,&quot;orientation&quot;:&quot;0&quot;}\" data-image-title=\"Pavimento Los Aromitos (3)\" data-image-description=\"\" data-image-caption=\"\" data-large-file=\"https:\/\/eldiariodesanpedro.com.ar\/sitio\/wp-content\/uploads\/2019\/02\/Pavimento-Los-Aromitos-3-1024x768.jpg\" data-src=\"https:\/\/eldiariodesanpedro.com.ar\/sitio\/wp-content\/uploads\/2019\/02\/Pavimento-Los-Aromitos-3-1024x768.jpg\" alt=\"\" data-id=\"47870\" data-link=\"https:\/\/eldiariodesanpedro.com.ar\/sitio\/?attachment_id=47870\" class=\"wp-image-47870 lazyload\" data-srcset=\"https:\/\/eldiariodesanpedro.com.ar\/sitio\/wp-content\/uploads\/2019\/02\/Pavimento-Los-Aromitos-3-1024x768.jpg 1024w, https:\/\/eldiariodesanpedro.com.ar\/sitio\/wp-content\/uploads\/2019\/02\/Pavimento-Los-Aromitos-3-300x225.jpg 300w, https:\/\/eldiariodesanpedro.com.ar\/sitio\/wp-content\/uploads\/2019\/02\/Pavimento-Los-Aromitos-3-768x576.jpg 768w, https:\/\/eldiariodesanpedro.com.ar\/sitio\/wp-content\/uploads\/2019\/02\/Pavimento-Los-Aromitos-3.jpg 1032w\" data-sizes=\"(max-width: 1024px) 100vw, 1024px\" src=\"data:image\/svg+xml;base64,PHN2ZyB3aWR0aD0iMSIgaGVpZ2h0PSIxIiB4bWxucz0iaHR0cDovL3d3dy53My5vcmcvMjAwMC9zdmciPjwvc3ZnPg==\" style=\"--smush-placeholder-width: 1024px; --smush-placeholder-aspect-ratio: 1024\/768;\" \/><\/figure><\/li><li class=\"blocks-gallery-item\"><figure><img decoding=\"async\" width=\"1024\" height=\"768\" data-attachment-id=\"47871\" data-permalink=\"https:\/\/eldiariodesanpedro.com.ar\/sitio\/comenzo-la-pavimentacion-de-12-cuadras-en-los-aromitos\/pavimento-los-aromitos-5\/\" data-orig-file=\"https:\/\/eldiariodesanpedro.com.ar\/sitio\/wp-content\/uploads\/2019\/02\/Pavimento-Los-Aromitos-5.jpg\" data-orig-size=\"1032,774\" data-comments-opened=\"1\" data-image-meta=\"{&quot;aperture&quot;:&quot;0&quot;,&quot;credit&quot;:&quot;&quot;,&quot;camera&quot;:&quot;&quot;,&quot;caption&quot;:&quot;&quot;,&quot;created_timestamp&quot;:&quot;0&quot;,&quot;copyright&quot;:&quot;&quot;,&quot;focal_length&quot;:&quot;0&quot;,&quot;iso&quot;:&quot;0&quot;,&quot;shutter_speed&quot;:&quot;0&quot;,&quot;title&quot;:&quot;&quot;,&quot;orientation&quot;:&quot;0&quot;}\" data-image-title=\"Pavimento Los Aromitos (5)\" data-image-description=\"\" data-image-caption=\"\" data-large-file=\"https:\/\/eldiariodesanpedro.com.ar\/sitio\/wp-content\/uploads\/2019\/02\/Pavimento-Los-Aromitos-5-1024x768.jpg\" data-src=\"https:\/\/eldiariodesanpedro.com.ar\/sitio\/wp-content\/uploads\/2019\/02\/Pavimento-Los-Aromitos-5-1024x768.jpg\" alt=\"\" data-id=\"47871\" data-link=\"https:\/\/eldiariodesanpedro.com.ar\/sitio\/?attachment_id=47871\" class=\"wp-image-47871 lazyload\" data-srcset=\"https:\/\/eldiariodesanpedro.com.ar\/sitio\/wp-content\/uploads\/2019\/02\/Pavimento-Los-Aromitos-5-1024x768.jpg 1024w, https:\/\/eldiariodesanpedro.com.ar\/sitio\/wp-content\/uploads\/2019\/02\/Pavimento-Los-Aromitos-5-300x225.jpg 300w, https:\/\/eldiariodesanpedro.com.ar\/sitio\/wp-content\/uploads\/2019\/02\/Pavimento-Los-Aromitos-5-768x576.jpg 768w, https:\/\/eldiariodesanpedro.com.ar\/sitio\/wp-content\/uploads\/2019\/02\/Pavimento-Los-Aromitos-5.jpg 1032w\" data-sizes=\"(max-width: 1024px) 100vw, 1024px\" src=\"data:image\/svg+xml;base64,PHN2ZyB3aWR0aD0iMSIgaGVpZ2h0PSIxIiB4bWxucz0iaHR0cDovL3d3dy53My5vcmcvMjAwMC9zdmciPjwvc3ZnPg==\" style=\"--smush-placeholder-width: 1024px; --smush-placeholder-aspect-ratio: 1024\/768;\" \/><\/figure><\/li><li class=\"blocks-gallery-item\"><figure><img decoding=\"async\" width=\"1024\" height=\"768\" data-attachment-id=\"47872\" data-permalink=\"https:\/\/eldiariodesanpedro.com.ar\/sitio\/comenzo-la-pavimentacion-de-12-cuadras-en-los-aromitos\/pavimento-los-aromitos-6\/\" data-orig-file=\"https:\/\/eldiariodesanpedro.com.ar\/sitio\/wp-content\/uploads\/2019\/02\/Pavimento-Los-Aromitos-6.jpg\" data-orig-size=\"1032,774\" data-comments-opened=\"1\" data-image-meta=\"{&quot;aperture&quot;:&quot;0&quot;,&quot;credit&quot;:&quot;&quot;,&quot;camera&quot;:&quot;&quot;,&quot;caption&quot;:&quot;&quot;,&quot;created_timestamp&quot;:&quot;0&quot;,&quot;copyright&quot;:&quot;&quot;,&quot;focal_length&quot;:&quot;0&quot;,&quot;iso&quot;:&quot;0&quot;,&quot;shutter_speed&quot;:&quot;0&quot;,&quot;title&quot;:&quot;&quot;,&quot;orientation&quot;:&quot;0&quot;}\" data-image-title=\"Pavimento Los Aromitos (6)\" data-image-description=\"\" data-image-caption=\"\" data-large-file=\"https:\/\/eldiariodesanpedro.com.ar\/sitio\/wp-content\/uploads\/2019\/02\/Pavimento-Los-Aromitos-6-1024x768.jpg\" data-src=\"https:\/\/eldiariodesanpedro.com.ar\/sitio\/wp-content\/uploads\/2019\/02\/Pavimento-Los-Aromitos-6-1024x768.jpg\" alt=\"\" data-id=\"47872\" data-link=\"https:\/\/eldiariodesanpedro.com.ar\/sitio\/?attachment_id=47872\" class=\"wp-image-47872 lazyload\" data-srcset=\"https:\/\/eldiariodesanpedro.com.ar\/sitio\/wp-content\/uploads\/2019\/02\/Pavimento-Los-Aromitos-6-1024x768.jpg 1024w, https:\/\/eldiariodesanpedro.com.ar\/sitio\/wp-content\/uploads\/2019\/02\/Pavimento-Los-Aromitos-6-300x225.jpg 300w, https:\/\/eldiariodesanpedro.com.ar\/sitio\/wp-content\/uploads\/2019\/02\/Pavimento-Los-Aromitos-6-768x576.jpg 768w, https:\/\/eldiariodesanpedro.com.ar\/sitio\/wp-content\/uploads\/2019\/02\/Pavimento-Los-Aromitos-6.jpg 1032w\" data-sizes=\"(max-width: 1024px) 100vw, 1024px\" src=\"data:image\/svg+xml;base64,PHN2ZyB3aWR0aD0iMSIgaGVpZ2h0PSIxIiB4bWxucz0iaHR0cDovL3d3dy53My5vcmcvMjAwMC9zdmciPjwvc3ZnPg==\" style=\"--smush-placeholder-width: 1024px; --smush-placeholder-aspect-ratio: 1024\/768;\" \/><\/figure><\/li><\/ul>\n","protected":false},"excerpt":{"rendered":"<p>Por la ma\u00f1ana del martes comenzaron los trabajos\u00a0 para la pavimentaci\u00f3n de 12 cuadras en el Barrio Los Aromitos. El plan que comenz\u00f3 el a\u00f1o pasado en Gobernador Castro y continu\u00f3 en uno de los accesos a R\u00edo Tala, contempla adem\u00e1s obras en Villa Igoillo, Paran\u00e1 y La Esperanza. El programa abarca 135 cuadras y [&hellip;]<\/p>\n","protected":false},"author":4,"featured_media":47871,"comment_status":"open","ping_status":"closed","sticky":false,"template":"","format":"standard","meta":{"om_disable_all_campaigns":false,"_jetpack_memberships_contains_paid_content":false,"footnotes":""},"categories":[50,101,2],"tags":[],"class_list":["post-47868","post","type-post","status-publish","format-standard","has-post-thumbnail","hentry","category-destacadas","category-interes-general-locales","category-locales"],"aioseo_notices":[],"gutentor_comment":0,"jetpack_featured_media_url":"https:\/\/eldiariodesanpedro.com.ar\/sitio\/wp-content\/uploads\/2019\/02\/Pavimento-Los-Aromitos-5.jpg","jetpack_shortlink":"https:\/\/wp.me\/p6RhLt-cs4","jetpack_sharing_enabled":true,"_links":{"self":[{"href":"https:\/\/eldiariodesanpedro.com.ar\/sitio\/wp-json\/wp\/v2\/posts\/47868","targetHints":{"allow":["GET"]}}],"collection":[{"href":"https:\/\/eldiariodesanpedro.com.ar\/sitio\/wp-json\/wp\/v2\/posts"}],"about":[{"href":"https:\/\/eldiariodesanpedro.com.ar\/sitio\/wp-json\/wp\/v2\/types\/post"}],"author":[{"embeddable":true,"href":"https:\/\/eldiariodesanpedro.com.ar\/sitio\/wp-json\/wp\/v2\/users\/4"}],"replies":[{"embeddable":true,"href":"https:\/\/eldiariodesanpedro.com.ar\/sitio\/wp-json\/wp\/v2\/comments?post=47868"}],"version-history":[{"count":1,"href":"https:\/\/eldiariodesanpedro.com.ar\/sitio\/wp-json\/wp\/v2\/posts\/47868\/revisions"}],"predecessor-version":[{"id":47873,"href":"https:\/\/eldiariodesanpedro.com.ar\/sitio\/wp-json\/wp\/v2\/posts\/47868\/revisions\/47873"}],"wp:featuredmedia":[{"embeddable":true,"href":"https:\/\/eldiariodesanpedro.com.ar\/sitio\/wp-json\/wp\/v2\/media\/47871"}],"wp:attachment":[{"href":"https:\/\/eldiariodesanpedro.com.ar\/sitio\/wp-json\/wp\/v2\/media?parent=47868"}],"wp:term":[{"taxonomy":"category","embeddable":true,"href":"https:\/\/eldiariodesanpedro.com.ar\/sitio\/wp-json\/wp\/v2\/categories?post=47868"},{"taxonomy":"post_tag","embeddable":true,"href":"https:\/\/eldiariodesanpedro.com.ar\/sitio\/wp-json\/wp\/v2\/tags?post=47868"}],"curies":[{"name":"wp","href":"https:\/\/api.w.org\/{rel}","templated":true}]}}