{"id":47864,"date":"2019-02-20T08:55:09","date_gmt":"2019-02-20T11:55:09","guid":{"rendered":"https:\/\/eldiariodesanpedro.com.ar\/sitio\/?p=47864"},"modified":"2019-02-20T08:55:17","modified_gmt":"2019-02-20T11:55:17","slug":"fue-dia-de-accion-verde-en-san-pedro","status":"publish","type":"post","link":"https:\/\/eldiariodesanpedro.com.ar\/sitio\/fue-dia-de-accion-verde-en-san-pedro\/","title":{"rendered":"Fue D\u00eda de Acci\u00f3n Verde en San Pedro"},"content":{"rendered":"<!-- VideographyWP Plugin Message: Automatic video embedding prevented by plugin options. -->\n\n<p><strong>La Campa\u00f1a Nacional por el Derecho al Aborto Legal, Seguro y Gratuito realizo este martes  una acci\u00f3n de lucha colectiva en todo el pa\u00eds, en el marco del #19F, D\u00eda de Acci\u00f3n Verde por el Derecho al Aborto; una nueva fecha del calendario feminista de Argentina, Latinoam\u00e9rica y el mundo.<\/strong><\/p>\n\n\n\n<p> La fecha conmemora el primer aniversario del pa\u00f1uelazo llevado a cabo en distintas ciudades en 2018, cuando comenz\u00f3 un proceso hist\u00f3rico dentro de la lucha por la ampliaci\u00f3n de derechos de las mujeres y personas con capacidad de gestar. <\/p>\n\n\n\n<p>En San Pedro la concentraci\u00f3n fue en la Plazoleta Fray Cayetano Rodriguez convocada por la agrupaci\u00f3n feminista Libres de Miedo con el objetivo de<br>\u00abEducaci\u00f3n sexual para decidir, anticonceptivos para no abortar, aborto legal para no morir\u00bb. <\/p>\n\n\n\n<p>Fotos: Agrupacion Feminista Libres de Miedo<\/p>\n\n\n\n<ul class=\"wp-block-gallery columns-2 is-cropped wp-block-gallery-1 is-layout-flex wp-block-gallery-is-layout-flex\"><li class=\"blocks-gallery-item\"><figure><img decoding=\"async\" width=\"960\" height=\"540\" data-attachment-id=\"47865\" data-permalink=\"https:\/\/eldiariodesanpedro.com.ar\/sitio\/fue-dia-de-accion-verde-en-san-pedro\/52918005_1197323373775147_4054565177440337920_n\/\" data-orig-file=\"https:\/\/eldiariodesanpedro.com.ar\/sitio\/wp-content\/uploads\/2019\/02\/52918005_1197323373775147_4054565177440337920_n.jpg\" data-orig-size=\"960,540\" data-comments-opened=\"1\" data-image-meta=\"{&quot;aperture&quot;:&quot;0&quot;,&quot;credit&quot;:&quot;&quot;,&quot;camera&quot;:&quot;&quot;,&quot;caption&quot;:&quot;&quot;,&quot;created_timestamp&quot;:&quot;0&quot;,&quot;copyright&quot;:&quot;&quot;,&quot;focal_length&quot;:&quot;0&quot;,&quot;iso&quot;:&quot;0&quot;,&quot;shutter_speed&quot;:&quot;0&quot;,&quot;title&quot;:&quot;&quot;,&quot;orientation&quot;:&quot;0&quot;}\" data-image-title=\"52918005_1197323373775147_4054565177440337920_n\" data-image-description=\"\" data-image-caption=\"\" data-large-file=\"https:\/\/eldiariodesanpedro.com.ar\/sitio\/wp-content\/uploads\/2019\/02\/52918005_1197323373775147_4054565177440337920_n.jpg\" data-src=\"https:\/\/eldiariodesanpedro.com.ar\/sitio\/wp-content\/uploads\/2019\/02\/52918005_1197323373775147_4054565177440337920_n.jpg\" alt=\"\" data-id=\"47865\" data-link=\"https:\/\/eldiariodesanpedro.com.ar\/sitio\/?attachment_id=47865\" class=\"wp-image-47865 lazyload\" data-srcset=\"https:\/\/eldiariodesanpedro.com.ar\/sitio\/wp-content\/uploads\/2019\/02\/52918005_1197323373775147_4054565177440337920_n.jpg 960w, https:\/\/eldiariodesanpedro.com.ar\/sitio\/wp-content\/uploads\/2019\/02\/52918005_1197323373775147_4054565177440337920_n-300x169.jpg 300w, https:\/\/eldiariodesanpedro.com.ar\/sitio\/wp-content\/uploads\/2019\/02\/52918005_1197323373775147_4054565177440337920_n-768x432.jpg 768w\" data-sizes=\"(max-width: 960px) 100vw, 960px\" src=\"data:image\/svg+xml;base64,PHN2ZyB3aWR0aD0iMSIgaGVpZ2h0PSIxIiB4bWxucz0iaHR0cDovL3d3dy53My5vcmcvMjAwMC9zdmciPjwvc3ZnPg==\" style=\"--smush-placeholder-width: 960px; --smush-placeholder-aspect-ratio: 960\/540;\" \/><\/figure><\/li><li class=\"blocks-gallery-item\"><figure><img decoding=\"async\" width=\"960\" height=\"720\" data-attachment-id=\"47866\" data-permalink=\"https:\/\/eldiariodesanpedro.com.ar\/sitio\/fue-dia-de-accion-verde-en-san-pedro\/52384498_1197323400441811_2931104309510668288_n\/\" data-orig-file=\"https:\/\/eldiariodesanpedro.com.ar\/sitio\/wp-content\/uploads\/2019\/02\/52384498_1197323400441811_2931104309510668288_n.jpg\" data-orig-size=\"960,720\" data-comments-opened=\"1\" data-image-meta=\"{&quot;aperture&quot;:&quot;0&quot;,&quot;credit&quot;:&quot;&quot;,&quot;camera&quot;:&quot;&quot;,&quot;caption&quot;:&quot;&quot;,&quot;created_timestamp&quot;:&quot;0&quot;,&quot;copyright&quot;:&quot;&quot;,&quot;focal_length&quot;:&quot;0&quot;,&quot;iso&quot;:&quot;0&quot;,&quot;shutter_speed&quot;:&quot;0&quot;,&quot;title&quot;:&quot;&quot;,&quot;orientation&quot;:&quot;0&quot;}\" data-image-title=\"52384498_1197323400441811_2931104309510668288_n\" data-image-description=\"\" data-image-caption=\"\" data-large-file=\"https:\/\/eldiariodesanpedro.com.ar\/sitio\/wp-content\/uploads\/2019\/02\/52384498_1197323400441811_2931104309510668288_n.jpg\" data-src=\"https:\/\/eldiariodesanpedro.com.ar\/sitio\/wp-content\/uploads\/2019\/02\/52384498_1197323400441811_2931104309510668288_n.jpg\" alt=\"\" data-id=\"47866\" data-link=\"https:\/\/eldiariodesanpedro.com.ar\/sitio\/?attachment_id=47866\" class=\"wp-image-47866 lazyload\" data-srcset=\"https:\/\/eldiariodesanpedro.com.ar\/sitio\/wp-content\/uploads\/2019\/02\/52384498_1197323400441811_2931104309510668288_n.jpg 960w, https:\/\/eldiariodesanpedro.com.ar\/sitio\/wp-content\/uploads\/2019\/02\/52384498_1197323400441811_2931104309510668288_n-300x225.jpg 300w, https:\/\/eldiariodesanpedro.com.ar\/sitio\/wp-content\/uploads\/2019\/02\/52384498_1197323400441811_2931104309510668288_n-768x576.jpg 768w\" data-sizes=\"(max-width: 960px) 100vw, 960px\" src=\"data:image\/svg+xml;base64,PHN2ZyB3aWR0aD0iMSIgaGVpZ2h0PSIxIiB4bWxucz0iaHR0cDovL3d3dy53My5vcmcvMjAwMC9zdmciPjwvc3ZnPg==\" style=\"--smush-placeholder-width: 960px; --smush-placeholder-aspect-ratio: 960\/720;\" \/><\/figure><\/li><\/ul>\n","protected":false},"excerpt":{"rendered":"<p>La Campa\u00f1a Nacional por el Derecho al Aborto Legal, Seguro y Gratuito realizo este martes una acci\u00f3n de lucha colectiva en todo el pa\u00eds, en el marco del #19F, D\u00eda de Acci\u00f3n Verde por el Derecho al Aborto; una nueva fecha del calendario feminista de Argentina, Latinoam\u00e9rica y el mundo. La fecha conmemora el primer [&hellip;]<\/p>\n","protected":false},"author":4,"featured_media":47865,"comment_status":"open","ping_status":"closed","sticky":false,"template":"","format":"standard","meta":{"om_disable_all_campaigns":false,"_jetpack_memberships_contains_paid_content":false,"footnotes":""},"categories":[50,101,2],"tags":[],"class_list":["post-47864","post","type-post","status-publish","format-standard","has-post-thumbnail","hentry","category-destacadas","category-interes-general-locales","category-locales"],"aioseo_notices":[],"gutentor_comment":0,"jetpack_featured_media_url":"https:\/\/eldiariodesanpedro.com.ar\/sitio\/wp-content\/uploads\/2019\/02\/52918005_1197323373775147_4054565177440337920_n.jpg","jetpack_shortlink":"https:\/\/wp.me\/p6RhLt-cs0","jetpack_sharing_enabled":true,"_links":{"self":[{"href":"https:\/\/eldiariodesanpedro.com.ar\/sitio\/wp-json\/wp\/v2\/posts\/47864","targetHints":{"allow":["GET"]}}],"collection":[{"href":"https:\/\/eldiariodesanpedro.com.ar\/sitio\/wp-json\/wp\/v2\/posts"}],"about":[{"href":"https:\/\/eldiariodesanpedro.com.ar\/sitio\/wp-json\/wp\/v2\/types\/post"}],"author":[{"embeddable":true,"href":"https:\/\/eldiariodesanpedro.com.ar\/sitio\/wp-json\/wp\/v2\/users\/4"}],"replies":[{"embeddable":true,"href":"https:\/\/eldiariodesanpedro.com.ar\/sitio\/wp-json\/wp\/v2\/comments?post=47864"}],"version-history":[{"count":1,"href":"https:\/\/eldiariodesanpedro.com.ar\/sitio\/wp-json\/wp\/v2\/posts\/47864\/revisions"}],"predecessor-version":[{"id":47867,"href":"https:\/\/eldiariodesanpedro.com.ar\/sitio\/wp-json\/wp\/v2\/posts\/47864\/revisions\/47867"}],"wp:featuredmedia":[{"embeddable":true,"href":"https:\/\/eldiariodesanpedro.com.ar\/sitio\/wp-json\/wp\/v2\/media\/47865"}],"wp:attachment":[{"href":"https:\/\/eldiariodesanpedro.com.ar\/sitio\/wp-json\/wp\/v2\/media?parent=47864"}],"wp:term":[{"taxonomy":"category","embeddable":true,"href":"https:\/\/eldiariodesanpedro.com.ar\/sitio\/wp-json\/wp\/v2\/categories?post=47864"},{"taxonomy":"post_tag","embeddable":true,"href":"https:\/\/eldiariodesanpedro.com.ar\/sitio\/wp-json\/wp\/v2\/tags?post=47864"}],"curies":[{"name":"wp","href":"https:\/\/api.w.org\/{rel}","templated":true}]}}