{"id":47855,"date":"2019-02-19T10:15:18","date_gmt":"2019-02-19T13:15:18","guid":{"rendered":"https:\/\/eldiariodesanpedro.com.ar\/sitio\/?p=47855"},"modified":"2019-02-19T10:15:45","modified_gmt":"2019-02-19T13:15:45","slug":"san-nicolas-comienzan-las-actividades-en-el-predio-ferial","status":"publish","type":"post","link":"https:\/\/eldiariodesanpedro.com.ar\/sitio\/san-nicolas-comienzan-las-actividades-en-el-predio-ferial\/","title":{"rendered":"SAN NICOL\u00c1S: Comienzan las actividades en el Predio Ferial"},"content":{"rendered":"<!-- VideographyWP Plugin Message: Automatic video embedding prevented by plugin options. -->\n\n<p>\n\nEn el mes de marzo, comienzan las actividades en el Predio Ferial y Aut\u00f3dromo San Nicol\u00e1s Ciudad con la exposici\u00f3n del agro m\u00e1s grande de la regi\u00f3n. Expoagro 2019 desembarcar\u00e1 por tercera vez consecutiva en San Nicol\u00e1s del 12 al 15 de marzo en un predio que, seg\u00fan el Gerente Comercial de la exposici\u00f3n, Patricio Frydman \u201cha llegado al m\u00e1ximo de sus prestaciones\u201d.<\/p>\n\n\n\n<p>La megamuestra contar\u00e1 con un predio renovado de 4.000 metros de pista totalmente asfaltados, dos bajadas exclusivas desde la autopista y siete accesos al predio: cinco para el p\u00fablico general y dos para expositores, autoridades y medios de prensa. El estacionamiento de expositores tendr\u00e1 a\u00fan m\u00e1s capacidad, y en total la muestra albergar\u00e1 a m\u00e1s de 12.000 veh\u00edculos por d\u00eda.<\/p>\n\n\n\n<p>Un predio con buenos accesos, sin embotellamientos, buenos servicios para disfrutar la exposici\u00f3n, con una buena oferta gastron\u00f3mica, los sanitarios, la ubicaci\u00f3n geogr\u00e1fica y toda la infraestructura alrededor en cuanto a hoteler\u00eda y proveedores simplifica mucho el trabajo de armado para los expositores y la visita del p\u00fablico en general. Es por eso que Expoagro, eligi\u00f3 a San Nicol\u00e1s para tener un lugar fijo para realizar sus actividades.<\/p>\n\n\n\n<p>En tanto, para el 2019 y despu\u00e9s del \u00e9xito en 2018 de todas las actividades locales y nacionales, se esperan m\u00e1s actividades para el Predio Ferial y Aut\u00f3dromo San Nicol\u00e1s Ciudad como el Superbike, el Turismo Nacional, Turismo Carretera, SuperTC2000, entre otros eventos que convocar\u00e1n a miles de personas que visitar\u00e1n la ciudad. <\/p>\n\n\n\n<p>Fuente: El Informante<\/p>\n","protected":false},"excerpt":{"rendered":"<p>En el mes de marzo, comienzan las actividades en el Predio Ferial y Aut\u00f3dromo San Nicol\u00e1s Ciudad con la exposici\u00f3n del agro m\u00e1s grande de la regi\u00f3n. Expoagro 2019 desembarcar\u00e1 por tercera vez consecutiva en San Nicol\u00e1s del 12 al 15 de marzo en un predio que, seg\u00fan el Gerente Comercial de la exposici\u00f3n, Patricio [&hellip;]<\/p>\n","protected":false},"author":4,"featured_media":47856,"comment_status":"open","ping_status":"closed","sticky":false,"template":"","format":"standard","meta":{"om_disable_all_campaigns":false,"_jetpack_memberships_contains_paid_content":false,"footnotes":""},"categories":[621],"tags":[],"class_list":["post-47855","post","type-post","status-publish","format-standard","has-post-thumbnail","hentry","category-regionales"],"aioseo_notices":[],"gutentor_comment":0,"jetpack_featured_media_url":"https:\/\/eldiariodesanpedro.com.ar\/sitio\/wp-content\/uploads\/2019\/02\/no_irlxs97mtf12thsEXPOAGRO_2.jpg","jetpack_shortlink":"https:\/\/wp.me\/p6RhLt-crR","jetpack_sharing_enabled":true,"_links":{"self":[{"href":"https:\/\/eldiariodesanpedro.com.ar\/sitio\/wp-json\/wp\/v2\/posts\/47855","targetHints":{"allow":["GET"]}}],"collection":[{"href":"https:\/\/eldiariodesanpedro.com.ar\/sitio\/wp-json\/wp\/v2\/posts"}],"about":[{"href":"https:\/\/eldiariodesanpedro.com.ar\/sitio\/wp-json\/wp\/v2\/types\/post"}],"author":[{"embeddable":true,"href":"https:\/\/eldiariodesanpedro.com.ar\/sitio\/wp-json\/wp\/v2\/users\/4"}],"replies":[{"embeddable":true,"href":"https:\/\/eldiariodesanpedro.com.ar\/sitio\/wp-json\/wp\/v2\/comments?post=47855"}],"version-history":[{"count":2,"href":"https:\/\/eldiariodesanpedro.com.ar\/sitio\/wp-json\/wp\/v2\/posts\/47855\/revisions"}],"predecessor-version":[{"id":47858,"href":"https:\/\/eldiariodesanpedro.com.ar\/sitio\/wp-json\/wp\/v2\/posts\/47855\/revisions\/47858"}],"wp:featuredmedia":[{"embeddable":true,"href":"https:\/\/eldiariodesanpedro.com.ar\/sitio\/wp-json\/wp\/v2\/media\/47856"}],"wp:attachment":[{"href":"https:\/\/eldiariodesanpedro.com.ar\/sitio\/wp-json\/wp\/v2\/media?parent=47855"}],"wp:term":[{"taxonomy":"category","embeddable":true,"href":"https:\/\/eldiariodesanpedro.com.ar\/sitio\/wp-json\/wp\/v2\/categories?post=47855"},{"taxonomy":"post_tag","embeddable":true,"href":"https:\/\/eldiariodesanpedro.com.ar\/sitio\/wp-json\/wp\/v2\/tags?post=47855"}],"curies":[{"name":"wp","href":"https:\/\/api.w.org\/{rel}","templated":true}]}}