{"id":47852,"date":"2019-02-19T10:18:29","date_gmt":"2019-02-19T13:18:29","guid":{"rendered":"https:\/\/eldiariodesanpedro.com.ar\/sitio\/?p=47852"},"modified":"2019-02-19T10:18:40","modified_gmt":"2019-02-19T13:18:40","slug":"clausuraron-un-taller-de-motos-por-no-tener-habilitacion","status":"publish","type":"post","link":"https:\/\/eldiariodesanpedro.com.ar\/sitio\/clausuraron-un-taller-de-motos-por-no-tener-habilitacion\/","title":{"rendered":"Clausuraron un taller de motos por no tener habilitaci\u00f3n"},"content":{"rendered":"<!-- VideographyWP Plugin Message: Automatic video embedding prevented by plugin options. -->\n\n<p>En el marco de operativos de inspecci\u00f3n de talleres ley 13081, se procedi\u00f3 a la clausura de un taller de reparaci\u00f3n de motos sito en calle Esquiu.<\/p>\n\n\n\n<p>Ocurri\u00f3 este lunes por la tarde, personal de inspecci\u00f3n en conjunto con personal de comisaria procedieron a la clausura de un taller de reparaci\u00f3n de motos, propiedad de un hombre de 42 a\u00f1os de edad, por no tener la habilitaci\u00f3n municipal y carecer del libro de registros y control.<\/p>\n\n\n\n<p>Interviene el Juzgado de Paz.<\/p>\n","protected":false},"excerpt":{"rendered":"<p>En el marco de operativos de inspecci\u00f3n de talleres ley 13081, se procedi\u00f3 a la clausura de un taller de reparaci\u00f3n de motos sito en calle Esquiu. Ocurri\u00f3 este lunes por la tarde, personal de inspecci\u00f3n en conjunto con personal de comisaria procedieron a la clausura de un taller de reparaci\u00f3n de motos, propiedad de [&hellip;]<\/p>\n","protected":false},"author":4,"featured_media":47859,"comment_status":"open","ping_status":"closed","sticky":false,"template":"","format":"standard","meta":{"om_disable_all_campaigns":false,"_jetpack_memberships_contains_paid_content":false,"footnotes":""},"categories":[2,103],"tags":[],"class_list":["post-47852","post","type-post","status-publish","format-standard","has-post-thumbnail","hentry","category-locales","category-policiales-locales"],"aioseo_notices":[],"gutentor_comment":0,"jetpack_featured_media_url":"https:\/\/eldiariodesanpedro.com.ar\/sitio\/wp-content\/uploads\/2019\/02\/multimedia.normal.acab16c2e47b40b8.436c617573757261646f2e2e5f6e6f726d616c2e706e67.png","jetpack_shortlink":"https:\/\/wp.me\/p6RhLt-crO","jetpack_sharing_enabled":true,"_links":{"self":[{"href":"https:\/\/eldiariodesanpedro.com.ar\/sitio\/wp-json\/wp\/v2\/posts\/47852","targetHints":{"allow":["GET"]}}],"collection":[{"href":"https:\/\/eldiariodesanpedro.com.ar\/sitio\/wp-json\/wp\/v2\/posts"}],"about":[{"href":"https:\/\/eldiariodesanpedro.com.ar\/sitio\/wp-json\/wp\/v2\/types\/post"}],"author":[{"embeddable":true,"href":"https:\/\/eldiariodesanpedro.com.ar\/sitio\/wp-json\/wp\/v2\/users\/4"}],"replies":[{"embeddable":true,"href":"https:\/\/eldiariodesanpedro.com.ar\/sitio\/wp-json\/wp\/v2\/comments?post=47852"}],"version-history":[{"count":1,"href":"https:\/\/eldiariodesanpedro.com.ar\/sitio\/wp-json\/wp\/v2\/posts\/47852\/revisions"}],"predecessor-version":[{"id":47860,"href":"https:\/\/eldiariodesanpedro.com.ar\/sitio\/wp-json\/wp\/v2\/posts\/47852\/revisions\/47860"}],"wp:featuredmedia":[{"embeddable":true,"href":"https:\/\/eldiariodesanpedro.com.ar\/sitio\/wp-json\/wp\/v2\/media\/47859"}],"wp:attachment":[{"href":"https:\/\/eldiariodesanpedro.com.ar\/sitio\/wp-json\/wp\/v2\/media?parent=47852"}],"wp:term":[{"taxonomy":"category","embeddable":true,"href":"https:\/\/eldiariodesanpedro.com.ar\/sitio\/wp-json\/wp\/v2\/categories?post=47852"},{"taxonomy":"post_tag","embeddable":true,"href":"https:\/\/eldiariodesanpedro.com.ar\/sitio\/wp-json\/wp\/v2\/tags?post=47852"}],"curies":[{"name":"wp","href":"https:\/\/api.w.org\/{rel}","templated":true}]}}