{"id":47851,"date":"2019-02-19T10:13:24","date_gmt":"2019-02-19T13:13:24","guid":{"rendered":"https:\/\/eldiariodesanpedro.com.ar\/sitio\/?p=47851"},"modified":"2019-02-19T10:13:34","modified_gmt":"2019-02-19T13:13:34","slug":"zarate-comenzara-a-implementarse-la-ordenanza-de-separacion-en-origen-de-los-residuos-domiciliarios","status":"publish","type":"post","link":"https:\/\/eldiariodesanpedro.com.ar\/sitio\/zarate-comenzara-a-implementarse-la-ordenanza-de-separacion-en-origen-de-los-residuos-domiciliarios\/","title":{"rendered":"ZARATE: Comenzar\u00e1 a implementarse la Ordenanza de separaci\u00f3n en origen de los residuos domiciliarios"},"content":{"rendered":"<!-- VideographyWP Plugin Message: Automatic video embedding prevented by plugin options. -->\n\n<p>\n\nA mediados de abril los vecinos de Z\u00e1rate comenzar\u00e1n la clasificaci\u00f3n y separaci\u00f3n obligatoria en origen de los residuos s\u00f3lidos urbanos del Partido de Z\u00e1rate en el marco del Plan de Gesti\u00f3n Integral de Residuos S\u00f3lidos Urbanos (PGIRSU) que fue aprobada por el Honorable Concejo Deliberante y promulgada por el Departamento Ejecutivo a fines del a\u00f1o pasado.<\/p>\n\n\n\n<p>La Ordenanza establece que los residuos domiciliarios denominados&nbsp;RECICLABLES&nbsp;sean depositados por el vecino para su disposici\u00f3n en la v\u00eda p\u00fablica en Bolsas Verdes Oficiales y que los residuos denominados COMUNES sean depositados en origen en Bolsas Naranjas Oficiales. Adem\u00e1s, cada tipo de basura se sacar\u00eda un d\u00eda diferente para facilitar su recolecci\u00f3n.<\/p>\n\n\n\n<p>Se entiende por residuo\u00a0RECICLABLE:<\/p>\n\n\n\n<p>-Papeles secos. Cartones secos.<br>-Botellas pl\u00e1sticas de: gaseosa, agua, shampoo, detergente, lavandina, etc. (que han sido enjuagadas).<br>-Vidrios y botellas de vidrio (sanas o rotas bien envueltas).<br>-Textiles limpios.<br>-Envases y envoltorios. (que no tengan restos de alimentos o barros).<br>-Envases descartables lavados.<br>-Tetrabrik (enjuagado y vac\u00edo).<br>-Telgopor limpio.<br>-Latas de conservas enjuagadas.<br>-Aluminio: latitas de gaseosa, cerveza y aerosoles, etc. Bronce: canillas, llaves, candados, picaportes, etc. Cobre: cables, ca\u00f1os, etc.<br>-Plomo: ca\u00f1os, etc.<br>-Otros metales.<br>-Aceites de cocina usados contenidos en botella bien cerrada y limpia.<\/p>\n\n\n\n<p>Residuos&nbsp;COMUNES:<\/p>\n\n\n\n<p>Se entiende por residuo com\u00fan a todo aquel material residual, ya sea proveniente de materias org\u00e1nicas o inorg\u00e1nicas, h\u00famedos o secos, que aunque son potencialmente reciclables aun no es posible hacerlo, tales como:<\/p>\n\n\n\n<p>-Residuos de comida (yerba usada, c\u00e1scaras de huevos, sobras de alimentos elaborados, etc.).<br>-Restos de limpieza de verduras y frutas.<br>-Huesos, cueros, restos de madera.<br>-Papeles, cartones o pl\u00e1sticos mojados o manchados con alimentos l\u00edquidos o s\u00f3lidos.<br>-Barridos.<\/p>\n\n\n\n<p>El Municipio trabaja desde hace a\u00f1os en un proyecto de esta amplitud para lo cual ha firmado convenios con entidades nacionales e internacionales y promovido la creaci\u00f3n de cooperativas de recicladores.<\/p>\n\n\n\n<p>Como parte de este programa, el Municipio trabaja en la reducci\u00f3n de la generaci\u00f3n de basura y la utilizaci\u00f3n de productos m\u00e1s duraderos o reutilizables; la separaci\u00f3n en origen, reutilizaci\u00f3n y el reciclaje de productos susceptibles de serlo; la separaci\u00f3n y el compostaje y\/o bio digesti\u00f3n de residuos org\u00e1nicos; y la promoci\u00f3n de medidas tendientes al reemplazo gradual de envases descartables por reutilizable.<\/p>\n\n\n\n<p>En las pr\u00f3ximas semanas se ir\u00e1 informando m\u00e1s detalles sobre la operatividad del Programa.<\/p>\n\n\n\n<p>Fuente:  Enlace Critico<\/p>\n","protected":false},"excerpt":{"rendered":"<p>A mediados de abril los vecinos de Z\u00e1rate comenzar\u00e1n la clasificaci\u00f3n y separaci\u00f3n obligatoria en origen de los residuos s\u00f3lidos urbanos del Partido de Z\u00e1rate en el marco del Plan de Gesti\u00f3n Integral de Residuos S\u00f3lidos Urbanos (PGIRSU) que fue aprobada por el Honorable Concejo Deliberante y promulgada por el Departamento Ejecutivo a fines del [&hellip;]<\/p>\n","protected":false},"author":4,"featured_media":47853,"comment_status":"open","ping_status":"closed","sticky":false,"template":"","format":"standard","meta":{"om_disable_all_campaigns":false,"_jetpack_memberships_contains_paid_content":false,"footnotes":""},"categories":[621],"tags":[],"class_list":["post-47851","post","type-post","status-publish","format-standard","has-post-thumbnail","hentry","category-regionales"],"aioseo_notices":[],"gutentor_comment":0,"jetpack_featured_media_url":"https:\/\/eldiariodesanpedro.com.ar\/sitio\/wp-content\/uploads\/2019\/02\/residuos4_658x400.jpg","jetpack_shortlink":"https:\/\/wp.me\/p6RhLt-crN","jetpack_sharing_enabled":true,"_links":{"self":[{"href":"https:\/\/eldiariodesanpedro.com.ar\/sitio\/wp-json\/wp\/v2\/posts\/47851","targetHints":{"allow":["GET"]}}],"collection":[{"href":"https:\/\/eldiariodesanpedro.com.ar\/sitio\/wp-json\/wp\/v2\/posts"}],"about":[{"href":"https:\/\/eldiariodesanpedro.com.ar\/sitio\/wp-json\/wp\/v2\/types\/post"}],"author":[{"embeddable":true,"href":"https:\/\/eldiariodesanpedro.com.ar\/sitio\/wp-json\/wp\/v2\/users\/4"}],"replies":[{"embeddable":true,"href":"https:\/\/eldiariodesanpedro.com.ar\/sitio\/wp-json\/wp\/v2\/comments?post=47851"}],"version-history":[{"count":1,"href":"https:\/\/eldiariodesanpedro.com.ar\/sitio\/wp-json\/wp\/v2\/posts\/47851\/revisions"}],"predecessor-version":[{"id":47854,"href":"https:\/\/eldiariodesanpedro.com.ar\/sitio\/wp-json\/wp\/v2\/posts\/47851\/revisions\/47854"}],"wp:featuredmedia":[{"embeddable":true,"href":"https:\/\/eldiariodesanpedro.com.ar\/sitio\/wp-json\/wp\/v2\/media\/47853"}],"wp:attachment":[{"href":"https:\/\/eldiariodesanpedro.com.ar\/sitio\/wp-json\/wp\/v2\/media?parent=47851"}],"wp:term":[{"taxonomy":"category","embeddable":true,"href":"https:\/\/eldiariodesanpedro.com.ar\/sitio\/wp-json\/wp\/v2\/categories?post=47851"},{"taxonomy":"post_tag","embeddable":true,"href":"https:\/\/eldiariodesanpedro.com.ar\/sitio\/wp-json\/wp\/v2\/tags?post=47851"}],"curies":[{"name":"wp","href":"https:\/\/api.w.org\/{rel}","templated":true}]}}