{"id":47846,"date":"2019-02-19T10:08:16","date_gmt":"2019-02-19T13:08:16","guid":{"rendered":"https:\/\/eldiariodesanpedro.com.ar\/sitio\/?p=47846"},"modified":"2019-02-19T10:08:24","modified_gmt":"2019-02-19T13:08:24","slug":"arrecifes-atropellaron-intencionalmente-a-un-joven-arrecifeno","status":"publish","type":"post","link":"https:\/\/eldiariodesanpedro.com.ar\/sitio\/arrecifes-atropellaron-intencionalmente-a-un-joven-arrecifeno\/","title":{"rendered":"ARRECIFES: Atropellaron intencionalmente a un joven arrecife\u00f1o"},"content":{"rendered":"<!-- VideographyWP Plugin Message: Automatic video embedding prevented by plugin options. -->\n\n<p>\n\nEl hermano del joven atropellado pidi\u00f3 colaboraci\u00f3n a trav\u00e9s de Facebook para dar con la persona que conduc\u00eda el auto.<\/p>\n\n\n\n<p>Claudio Farroni Gerber public\u00f3 esta ma\u00f1ana en su muro de Facebook:<\/p>\n\n\n\n<p>\u201cNecesito de la colaboraci\u00f3n de ustedes, necesito que aunque sea compartan la publicaci\u00f3n\u2026 El domingo a la ma\u00f1ana, alrededor de las 06:00 AM, a la salida de Kairo, en calle Ocariz (dejo la ubicaci\u00f3n en la foto) atropellaron a mi hermano y a una amiga\u2026 En dos intentos este hijo de puta pas\u00f3 con el auto y los encar\u00f3, y no quedando conforme dio la vuelta y los choc\u00f3; mi hermano ven\u00eda caminando, vol\u00f3 un par de metros y qued\u00f3 sobre el cord\u00f3n de la vereda con la cabeza partida. Estuvo 24 horas en observaci\u00f3n, la sac\u00f3 barata, pero estuvo cerca de lo peor, tiene dos golpes incre\u00edbles en la cabeza que al verlo a simple vista te daba miedo. La denuncia est\u00e1 hecha.\u00a0<\/p>\n\n\n\n<p>Les pido por favor que si alguien vio algo que se comunique conmigo al 2478511664, necesito saber del cag\u00f3n que se la da de hombre desde arriba de un auto. Y a vos flaco si por casualidad te llega \u00e9ste mensaje, casi mat\u00e1s a una persona hermano, si tenes coraz\u00f3n o huevos comunicate conmigo, cualquiera de las dos cosas que tengas me sirven, la cagada ya est\u00e1 hecha y tarde o temprano las cosas se saben, de hecho tengo algunos datos que me llevan a vos pero necesito de tu buena voluntad\u2026 Desde ya, muchas gracias a todos. Mart\u00edn est\u00e1 bien\u201d.<\/p>\n\n\n\n<p>Fuente: Arrecifes Noticias<\/p>\n","protected":false},"excerpt":{"rendered":"<p>El hermano del joven atropellado pidi\u00f3 colaboraci\u00f3n a trav\u00e9s de Facebook para dar con la persona que conduc\u00eda el auto. Claudio Farroni Gerber public\u00f3 esta ma\u00f1ana en su muro de Facebook: \u201cNecesito de la colaboraci\u00f3n de ustedes, necesito que aunque sea compartan la publicaci\u00f3n\u2026 El domingo a la ma\u00f1ana, alrededor de las 06:00 AM, a [&hellip;]<\/p>\n","protected":false},"author":4,"featured_media":47849,"comment_status":"open","ping_status":"closed","sticky":false,"template":"","format":"standard","meta":{"om_disable_all_campaigns":false,"_jetpack_memberships_contains_paid_content":false,"footnotes":""},"categories":[621],"tags":[],"class_list":["post-47846","post","type-post","status-publish","format-standard","has-post-thumbnail","hentry","category-regionales"],"aioseo_notices":[],"gutentor_comment":0,"jetpack_featured_media_url":"https:\/\/eldiariodesanpedro.com.ar\/sitio\/wp-content\/uploads\/2019\/02\/martin-farroni.jpg","jetpack_shortlink":"https:\/\/wp.me\/p6RhLt-crI","jetpack_sharing_enabled":true,"_links":{"self":[{"href":"https:\/\/eldiariodesanpedro.com.ar\/sitio\/wp-json\/wp\/v2\/posts\/47846","targetHints":{"allow":["GET"]}}],"collection":[{"href":"https:\/\/eldiariodesanpedro.com.ar\/sitio\/wp-json\/wp\/v2\/posts"}],"about":[{"href":"https:\/\/eldiariodesanpedro.com.ar\/sitio\/wp-json\/wp\/v2\/types\/post"}],"author":[{"embeddable":true,"href":"https:\/\/eldiariodesanpedro.com.ar\/sitio\/wp-json\/wp\/v2\/users\/4"}],"replies":[{"embeddable":true,"href":"https:\/\/eldiariodesanpedro.com.ar\/sitio\/wp-json\/wp\/v2\/comments?post=47846"}],"version-history":[{"count":1,"href":"https:\/\/eldiariodesanpedro.com.ar\/sitio\/wp-json\/wp\/v2\/posts\/47846\/revisions"}],"predecessor-version":[{"id":47850,"href":"https:\/\/eldiariodesanpedro.com.ar\/sitio\/wp-json\/wp\/v2\/posts\/47846\/revisions\/47850"}],"wp:featuredmedia":[{"embeddable":true,"href":"https:\/\/eldiariodesanpedro.com.ar\/sitio\/wp-json\/wp\/v2\/media\/47849"}],"wp:attachment":[{"href":"https:\/\/eldiariodesanpedro.com.ar\/sitio\/wp-json\/wp\/v2\/media?parent=47846"}],"wp:term":[{"taxonomy":"category","embeddable":true,"href":"https:\/\/eldiariodesanpedro.com.ar\/sitio\/wp-json\/wp\/v2\/categories?post=47846"},{"taxonomy":"post_tag","embeddable":true,"href":"https:\/\/eldiariodesanpedro.com.ar\/sitio\/wp-json\/wp\/v2\/tags?post=47846"}],"curies":[{"name":"wp","href":"https:\/\/api.w.org\/{rel}","templated":true}]}}