{"id":47844,"date":"2019-02-19T10:03:37","date_gmt":"2019-02-19T13:03:37","guid":{"rendered":"https:\/\/eldiariodesanpedro.com.ar\/sitio\/?p=47844"},"modified":"2019-02-19T10:03:43","modified_gmt":"2019-02-19T13:03:43","slug":"coopser-aumentan-los-pedidos-de-prorroga-y-se-viene-otro-aumento","status":"publish","type":"post","link":"https:\/\/eldiariodesanpedro.com.ar\/sitio\/coopser-aumentan-los-pedidos-de-prorroga-y-se-viene-otro-aumento\/","title":{"rendered":"Coopser: Aumentan los pedidos de pr\u00f3rroga y se viene otro aumento"},"content":{"rendered":"<!-- VideographyWP Plugin Message: Automatic video embedding prevented by plugin options. -->\n\n<p>Lo confirmo el Presidente de la Cooperativa Pablo Peralta al tiempo que dio a conocer que son varios los vecinos que han pedido planes de pagos para saldar los montos \u201csiderales\u201d que llegan en las facturas de la luz. Hizo referencia a la situaci\u00f3n de Celupaper.<\/p>\n\n\n\n<p>El presidente de la Cooperativa El\u00e9ctrica Pablo Peralta confirm\u00f3 que en la pr\u00f3xima factura de luz los vecinos sufrir\u00e1n un aumento superior al 30 por ciento.<\/p>\n\n\n\n<p>\u201cEl viernes lleg\u00f3 por mail el nuevo cuadro tarifario\u201d, cont\u00f3 y remarc\u00f3: \u201cHay que pedirle a la gente que tome precauciones, un aire acondicionado prendido entre 4 y 5 horas aumenta un 60 por ciento el consumo de una casa\u201d.<\/p>\n\n\n\n<p>Sobre la situaci\u00f3n de la poblaci\u00f3n en general dio a conocer que en la Coopser aumentaron los pedidos de pr\u00f3rroga, \u201csobre todo el \u00faltimo a\u00f1o\u201d al igual que el pedido de planes de pago para saldar las deudas generadas por los altos montos de las facturas.<\/p>\n\n\n\n<p>Por \u00faltimo hizo referencia a la situaci\u00f3n de Celupaper: \u201c La semana pasada recibimos una nota donde nos manifiestan que uno de los motivos del despido de personal es el costo de la energ\u00eda al que se le suma la falta de ventas. En lo que este en nuestro alcance los acompa\u00f1aremos para reunirse con autoridades y solicitar planes para una empresa en crisis\u201d.<\/p>\n\n\n\n<p>Fuente: San Pedro Informa<\/p>\n\n\n\n<p><br><\/p>\n","protected":false},"excerpt":{"rendered":"<p>Lo confirmo el Presidente de la Cooperativa Pablo Peralta al tiempo que dio a conocer que son varios los vecinos que han pedido planes de pagos para saldar los montos \u201csiderales\u201d que llegan en las facturas de la luz. Hizo referencia a la situaci\u00f3n de Celupaper. El presidente de la Cooperativa El\u00e9ctrica Pablo Peralta confirm\u00f3 [&hellip;]<\/p>\n","protected":false},"author":4,"featured_media":6360,"comment_status":"open","ping_status":"closed","sticky":false,"template":"","format":"standard","meta":{"om_disable_all_campaigns":false,"_jetpack_memberships_contains_paid_content":false,"footnotes":""},"categories":[101,2],"tags":[],"class_list":["post-47844","post","type-post","status-publish","format-standard","has-post-thumbnail","hentry","category-interes-general-locales","category-locales"],"aioseo_notices":[],"gutentor_comment":0,"jetpack_featured_media_url":"https:\/\/eldiariodesanpedro.com.ar\/sitio\/wp-content\/uploads\/2016\/07\/coopser.jpg","jetpack_shortlink":"https:\/\/wp.me\/p6RhLt-crG","jetpack_sharing_enabled":true,"_links":{"self":[{"href":"https:\/\/eldiariodesanpedro.com.ar\/sitio\/wp-json\/wp\/v2\/posts\/47844","targetHints":{"allow":["GET"]}}],"collection":[{"href":"https:\/\/eldiariodesanpedro.com.ar\/sitio\/wp-json\/wp\/v2\/posts"}],"about":[{"href":"https:\/\/eldiariodesanpedro.com.ar\/sitio\/wp-json\/wp\/v2\/types\/post"}],"author":[{"embeddable":true,"href":"https:\/\/eldiariodesanpedro.com.ar\/sitio\/wp-json\/wp\/v2\/users\/4"}],"replies":[{"embeddable":true,"href":"https:\/\/eldiariodesanpedro.com.ar\/sitio\/wp-json\/wp\/v2\/comments?post=47844"}],"version-history":[{"count":1,"href":"https:\/\/eldiariodesanpedro.com.ar\/sitio\/wp-json\/wp\/v2\/posts\/47844\/revisions"}],"predecessor-version":[{"id":47845,"href":"https:\/\/eldiariodesanpedro.com.ar\/sitio\/wp-json\/wp\/v2\/posts\/47844\/revisions\/47845"}],"wp:featuredmedia":[{"embeddable":true,"href":"https:\/\/eldiariodesanpedro.com.ar\/sitio\/wp-json\/wp\/v2\/media\/6360"}],"wp:attachment":[{"href":"https:\/\/eldiariodesanpedro.com.ar\/sitio\/wp-json\/wp\/v2\/media?parent=47844"}],"wp:term":[{"taxonomy":"category","embeddable":true,"href":"https:\/\/eldiariodesanpedro.com.ar\/sitio\/wp-json\/wp\/v2\/categories?post=47844"},{"taxonomy":"post_tag","embeddable":true,"href":"https:\/\/eldiariodesanpedro.com.ar\/sitio\/wp-json\/wp\/v2\/tags?post=47844"}],"curies":[{"name":"wp","href":"https:\/\/api.w.org\/{rel}","templated":true}]}}