{"id":47841,"date":"2019-02-19T10:05:59","date_gmt":"2019-02-19T13:05:59","guid":{"rendered":"https:\/\/eldiariodesanpedro.com.ar\/sitio\/?p=47841"},"modified":"2019-02-19T10:06:10","modified_gmt":"2019-02-19T13:06:10","slug":"amenazaba-con-un-machete-a-sus-familiares-y-luego-intento-agredir-a-la-policia","status":"publish","type":"post","link":"https:\/\/eldiariodesanpedro.com.ar\/sitio\/amenazaba-con-un-machete-a-sus-familiares-y-luego-intento-agredir-a-la-policia\/","title":{"rendered":"Amenazaba con un machete a sus familiares y luego intento agredir a la polic\u00eda"},"content":{"rendered":"<!-- VideographyWP Plugin Message: Automatic video embedding prevented by plugin options. -->\n\n<p>El agresor de 40 a\u00f1os de edad fue aprehendi\u00f3 y trasladado a la dependencia  local. Ninguna persona resulto herida tras las amenazas del sujeto.<\/p>\n\n\n\n<p>El hecho ocurri\u00f3 a primera hora de esta ma\u00f1ana en una vivienda ubicada en calle Av 11 de Septiembre al 200, un hombre se encontraba amenazando con un machete a sus familiares.<\/p>\n\n\n\n<p>Tras el alerta, el personal policial logra r\u00e1pido accionar e intentar reducir al agresor, pero este mismo se torna violento con los efectivos tratando de lastimarlos,  abalanz\u00e1ndose con un machete sobre ellos.<\/p>\n\n\n\n<p>Finalmente logran aprehenderlo, sin resultar nadie lastimado y lo trasladan a la comisaria local.<\/p>\n\n\n\n<p>Interviene la fiscalia en turno.<br><\/p>\n\n\n\n<figure class=\"wp-block-image\"><img decoding=\"async\" width=\"1040\" height=\"780\" data-attachment-id=\"47847\" data-permalink=\"https:\/\/eldiariodesanpedro.com.ar\/sitio\/amenazaba-con-un-machete-a-sus-familiares-y-luego-intento-agredir-a-la-policia\/whatsapp-image-2019-02-19-at-08-38-57-2\/\" data-orig-file=\"https:\/\/eldiariodesanpedro.com.ar\/sitio\/wp-content\/uploads\/2019\/02\/WhatsApp-Image-2019-02-19-at-08.38.57-1.jpeg\" data-orig-size=\"1040,780\" data-comments-opened=\"1\" data-image-meta=\"{&quot;aperture&quot;:&quot;0&quot;,&quot;credit&quot;:&quot;&quot;,&quot;camera&quot;:&quot;&quot;,&quot;caption&quot;:&quot;&quot;,&quot;created_timestamp&quot;:&quot;0&quot;,&quot;copyright&quot;:&quot;&quot;,&quot;focal_length&quot;:&quot;0&quot;,&quot;iso&quot;:&quot;0&quot;,&quot;shutter_speed&quot;:&quot;0&quot;,&quot;title&quot;:&quot;&quot;,&quot;orientation&quot;:&quot;0&quot;}\" data-image-title=\"WhatsApp Image 2019-02-19 at 08.38.57\" data-image-description=\"\" data-image-caption=\"\" data-large-file=\"https:\/\/eldiariodesanpedro.com.ar\/sitio\/wp-content\/uploads\/2019\/02\/WhatsApp-Image-2019-02-19-at-08.38.57-1-1024x768.jpeg\" data-src=\"https:\/\/i0.wp.com\/eldiariodesanpedro.com.ar\/sitio\/wp-content\/uploads\/2019\/02\/WhatsApp-Image-2019-02-19-at-08.38.57-1.jpeg?fit=660%2C495\" alt=\"\" class=\"wp-image-47847 lazyload\" data-srcset=\"https:\/\/eldiariodesanpedro.com.ar\/sitio\/wp-content\/uploads\/2019\/02\/WhatsApp-Image-2019-02-19-at-08.38.57-1.jpeg 1040w, https:\/\/eldiariodesanpedro.com.ar\/sitio\/wp-content\/uploads\/2019\/02\/WhatsApp-Image-2019-02-19-at-08.38.57-1-300x225.jpeg 300w, https:\/\/eldiariodesanpedro.com.ar\/sitio\/wp-content\/uploads\/2019\/02\/WhatsApp-Image-2019-02-19-at-08.38.57-1-768x576.jpeg 768w, https:\/\/eldiariodesanpedro.com.ar\/sitio\/wp-content\/uploads\/2019\/02\/WhatsApp-Image-2019-02-19-at-08.38.57-1-1024x768.jpeg 1024w\" data-sizes=\"(max-width: 1040px) 100vw, 1040px\" src=\"data:image\/svg+xml;base64,PHN2ZyB3aWR0aD0iMSIgaGVpZ2h0PSIxIiB4bWxucz0iaHR0cDovL3d3dy53My5vcmcvMjAwMC9zdmciPjwvc3ZnPg==\" style=\"--smush-placeholder-width: 1040px; --smush-placeholder-aspect-ratio: 1040\/780;\" \/><\/figure>\n","protected":false},"excerpt":{"rendered":"<p>El agresor de 40 a\u00f1os de edad fue aprehendi\u00f3 y trasladado a la dependencia local. Ninguna persona resulto herida tras las amenazas del sujeto. El hecho ocurri\u00f3 a primera hora de esta ma\u00f1ana en una vivienda ubicada en calle Av 11 de Septiembre al 200, un hombre se encontraba amenazando con un machete a sus [&hellip;]<\/p>\n","protected":false},"author":4,"featured_media":47829,"comment_status":"open","ping_status":"closed","sticky":false,"template":"","format":"standard","meta":{"om_disable_all_campaigns":false,"_jetpack_memberships_contains_paid_content":false,"footnotes":""},"categories":[2,103],"tags":[],"class_list":["post-47841","post","type-post","status-publish","format-standard","has-post-thumbnail","hentry","category-locales","category-policiales-locales"],"aioseo_notices":[],"gutentor_comment":0,"jetpack_featured_media_url":"https:\/\/eldiariodesanpedro.com.ar\/sitio\/wp-content\/uploads\/2019\/02\/WhatsApp-Image-2019-02-19-at-08.38.57.jpeg","jetpack_shortlink":"https:\/\/wp.me\/p6RhLt-crD","jetpack_sharing_enabled":true,"_links":{"self":[{"href":"https:\/\/eldiariodesanpedro.com.ar\/sitio\/wp-json\/wp\/v2\/posts\/47841","targetHints":{"allow":["GET"]}}],"collection":[{"href":"https:\/\/eldiariodesanpedro.com.ar\/sitio\/wp-json\/wp\/v2\/posts"}],"about":[{"href":"https:\/\/eldiariodesanpedro.com.ar\/sitio\/wp-json\/wp\/v2\/types\/post"}],"author":[{"embeddable":true,"href":"https:\/\/eldiariodesanpedro.com.ar\/sitio\/wp-json\/wp\/v2\/users\/4"}],"replies":[{"embeddable":true,"href":"https:\/\/eldiariodesanpedro.com.ar\/sitio\/wp-json\/wp\/v2\/comments?post=47841"}],"version-history":[{"count":1,"href":"https:\/\/eldiariodesanpedro.com.ar\/sitio\/wp-json\/wp\/v2\/posts\/47841\/revisions"}],"predecessor-version":[{"id":47848,"href":"https:\/\/eldiariodesanpedro.com.ar\/sitio\/wp-json\/wp\/v2\/posts\/47841\/revisions\/47848"}],"wp:featuredmedia":[{"embeddable":true,"href":"https:\/\/eldiariodesanpedro.com.ar\/sitio\/wp-json\/wp\/v2\/media\/47829"}],"wp:attachment":[{"href":"https:\/\/eldiariodesanpedro.com.ar\/sitio\/wp-json\/wp\/v2\/media?parent=47841"}],"wp:term":[{"taxonomy":"category","embeddable":true,"href":"https:\/\/eldiariodesanpedro.com.ar\/sitio\/wp-json\/wp\/v2\/categories?post=47841"},{"taxonomy":"post_tag","embeddable":true,"href":"https:\/\/eldiariodesanpedro.com.ar\/sitio\/wp-json\/wp\/v2\/tags?post=47841"}],"curies":[{"name":"wp","href":"https:\/\/api.w.org\/{rel}","templated":true}]}}