{"id":47838,"date":"2019-02-19T10:00:17","date_gmt":"2019-02-19T13:00:17","guid":{"rendered":"https:\/\/eldiariodesanpedro.com.ar\/sitio\/?p=47838"},"modified":"2019-02-19T10:00:28","modified_gmt":"2019-02-19T13:00:28","slug":"zarate-un-actor-zarateno-en-campanas-en-la-noche","status":"publish","type":"post","link":"https:\/\/eldiariodesanpedro.com.ar\/sitio\/zarate-un-actor-zarateno-en-campanas-en-la-noche\/","title":{"rendered":"ZARATE: Un actor zarate\u00f1o en Campanas en la Noche"},"content":{"rendered":"<!-- VideographyWP Plugin Message: Automatic video embedding prevented by plugin options. -->\n\n<p>La escena de violaci\u00f3n de Calu Rivero en Campanas en la Noche sigue dando que hablar, pero esta vez, del lado de Fausto Labra\u00f1a, el actor oriundo de Z\u00e1rate que se puso en la piel del violador de Luciana, personaje que interpreta la actriz. El zarate\u00f1o form\u00f3 tambi\u00e9n parte de la cuarta temporada de Game of Thrones, interpretando a un guerrero Dothraki.<\/p>\n\n\n\n<p>Cuando tan s\u00f3lo ten\u00eda 26 a\u00f1os (actualmente tiene 28) comparti\u00f3 escenas con Emilia Clarke, la mism\u00edsima princesa Khaleesi, y tambi\u00e9n set con Carice van Houten (la mal\u00e9fica Melisandre), el simpatiqu\u00edsimo Liam Cunningham (Davos Seaworth) y con Kristofer Hivju (Tormund).<\/p>\n\n\n\n<p>En aquel entonces, el int\u00e9rprete nacido en Zarat\u00e9, se encontraba viviendo en Irlanda y trabajaba en un hostel. En ese lugar conoci\u00f3 a un hombre muy ligado a la producci\u00f3n de la megaserie de HBO, a quien le entreg\u00f3 un video y su curriculum. Tan s\u00f3lo bastaron un par de horas para recibir la llamada que cambiar\u00eda su vida para siempre. \u201cSoy Jack (asistente de la direcci\u00f3n), de Game of Thrones\u201d, me dijo mi interlocutor. Me ped\u00eda si pod\u00eda ir a Belfast para hacer una audici\u00f3n de un guerrero Dothraki que estaban buscando. Ped\u00ed permiso en mi trabajo en el Hostel, me tom\u00e9 un colectivo y me fui hasta los estudios Titanic, que est\u00e1 a metros del Museo Titanic. All\u00ed me recibi\u00f3 la producci\u00f3n. Me preguntaron qu\u00e9 formaci\u00f3n ten\u00eda y verificaron mi nivel de ingl\u00e9s. Me hicieron una prueba de c\u00e1mara con vestuario y maquillaje. Quedaron en que volver\u00edan a llamarme. Volv\u00ed a Dubl\u00edn y segu\u00ed trabajando en el Hostel y, una semana despu\u00e9s, me llamaron para confirmarme que hab\u00eda quedado seleccionado. Esto fue a fines del a\u00f1o 2014. As\u00ed comenz\u00f3 mi aventura y mi inclusi\u00f3n en esta gran producci\u00f3n\u201d, cont\u00f3 el actor en una vieja entrevista.<\/p>\n\n\n\n<p>\u201cMi personaje fue muy peque\u00f1o, pero para m\u00ed fue una gran oportunidad poder trabajar en una producci\u00f3n de estas dimensiones. Creo que reci\u00e9n me di cuenta de lo que hab\u00eda hecho cuando volv\u00ed en colectivo desde Belfast a Dubl\u00edn, y donde sent\u00ed tristeza y alegr\u00eda al mismo tiempo. Es una experiencia que no me voy a olvidar jam\u00e1s en la vida\u201d, agreg\u00f3.<\/p>\n\n\n\n<p>Sobre las grabaciones, el joven explic\u00f3: \u201cNos levant\u00e1bamos a las 2.30 de la madrugada. A las 3 ya est\u00e1bamos en los estudios. Hasta las 6 de la ma\u00f1ana ya est\u00e1bamos caracterizados con el personaje y comenz\u00e1bamos a repasar las escenas que \u00edbamos a hacer. A las 6 de la ma\u00f1ana ya est\u00e1bamos en las locaciones para hacer entrenamiento. Hac\u00edamos flexiones de brazos co todo el vestuario y el peso de la espada que tiene un peso bastante real. El entrenamiento lo ten\u00edamos de parte de un veterano de guerra de Gran Breta\u00f1a. Nos ense\u00f1aba tambi\u00e9n el tema de las formaciones militares. A partir de las 7 arranc\u00e1bamos con el rodaje hasta las 19. As\u00ed sucesivamente, desde las 2.30 hasta las 19, todos los d\u00edas. La pas\u00e1bamos muy bien en un \u00e1mbito h\u00edper profesional del cual estoy muy feliz de haber sido parte\u201d.<\/p>\n\n\n\n<p>Fuente: Zarate Alerta<\/p>\n","protected":false},"excerpt":{"rendered":"<p>La escena de violaci\u00f3n de Calu Rivero en Campanas en la Noche sigue dando que hablar, pero esta vez, del lado de Fausto Labra\u00f1a, el actor oriundo de Z\u00e1rate que se puso en la piel del violador de Luciana, personaje que interpreta la actriz. El zarate\u00f1o form\u00f3 tambi\u00e9n parte de la cuarta temporada de Game [&hellip;]<\/p>\n","protected":false},"author":4,"featured_media":47842,"comment_status":"open","ping_status":"closed","sticky":false,"template":"","format":"standard","meta":{"om_disable_all_campaigns":false,"_jetpack_memberships_contains_paid_content":false,"footnotes":""},"categories":[621],"tags":[],"class_list":["post-47838","post","type-post","status-publish","format-standard","has-post-thumbnail","hentry","category-regionales"],"aioseo_notices":[],"gutentor_comment":0,"jetpack_featured_media_url":"https:\/\/eldiariodesanpedro.com.ar\/sitio\/wp-content\/uploads\/2019\/02\/0003487229-768x432.jpg","jetpack_shortlink":"https:\/\/wp.me\/p6RhLt-crA","jetpack_sharing_enabled":true,"_links":{"self":[{"href":"https:\/\/eldiariodesanpedro.com.ar\/sitio\/wp-json\/wp\/v2\/posts\/47838","targetHints":{"allow":["GET"]}}],"collection":[{"href":"https:\/\/eldiariodesanpedro.com.ar\/sitio\/wp-json\/wp\/v2\/posts"}],"about":[{"href":"https:\/\/eldiariodesanpedro.com.ar\/sitio\/wp-json\/wp\/v2\/types\/post"}],"author":[{"embeddable":true,"href":"https:\/\/eldiariodesanpedro.com.ar\/sitio\/wp-json\/wp\/v2\/users\/4"}],"replies":[{"embeddable":true,"href":"https:\/\/eldiariodesanpedro.com.ar\/sitio\/wp-json\/wp\/v2\/comments?post=47838"}],"version-history":[{"count":1,"href":"https:\/\/eldiariodesanpedro.com.ar\/sitio\/wp-json\/wp\/v2\/posts\/47838\/revisions"}],"predecessor-version":[{"id":47843,"href":"https:\/\/eldiariodesanpedro.com.ar\/sitio\/wp-json\/wp\/v2\/posts\/47838\/revisions\/47843"}],"wp:featuredmedia":[{"embeddable":true,"href":"https:\/\/eldiariodesanpedro.com.ar\/sitio\/wp-json\/wp\/v2\/media\/47842"}],"wp:attachment":[{"href":"https:\/\/eldiariodesanpedro.com.ar\/sitio\/wp-json\/wp\/v2\/media?parent=47838"}],"wp:term":[{"taxonomy":"category","embeddable":true,"href":"https:\/\/eldiariodesanpedro.com.ar\/sitio\/wp-json\/wp\/v2\/categories?post=47838"},{"taxonomy":"post_tag","embeddable":true,"href":"https:\/\/eldiariodesanpedro.com.ar\/sitio\/wp-json\/wp\/v2\/tags?post=47838"}],"curies":[{"name":"wp","href":"https:\/\/api.w.org\/{rel}","templated":true}]}}