{"id":47837,"date":"2019-02-19T09:50:32","date_gmt":"2019-02-19T12:50:32","guid":{"rendered":"https:\/\/eldiariodesanpedro.com.ar\/sitio\/?p=47837"},"modified":"2019-02-19T09:55:03","modified_gmt":"2019-02-19T12:55:03","slug":"fueron-detenidos-padre-e-hijo-con-frondosos-antecedentes-con-elementos-robados-en-su-poder","status":"publish","type":"post","link":"https:\/\/eldiariodesanpedro.com.ar\/sitio\/fueron-detenidos-padre-e-hijo-con-frondosos-antecedentes-con-elementos-robados-en-su-poder\/","title":{"rendered":"Fueron detenidos padre e hijo con frondosos antecedentes con elementos robados en su poder"},"content":{"rendered":"<!-- VideographyWP Plugin Message: Automatic video embedding prevented by plugin options. -->\n\n<p>Ocurri\u00f3 esta madrugada, los delincuentes intentaron fugarse de los efectivos pero fueron reducidos r\u00e1pidamente. En su mochila llevaban elementos robados donde todav\u00eda no han podido identificar  a su propietario\/a.<\/p>\n\n\n\n<figure class=\"wp-block-image\"><img decoding=\"async\" width=\"768\" height=\"1024\" data-attachment-id=\"47828\" data-permalink=\"https:\/\/eldiariodesanpedro.com.ar\/sitio\/se-fugaba-con-una-motocicleta-cuando-fue-aprehendido-tiene-multiples-antecedentes\/whatsapp-image-2019-02-19-at-08-38-46\/\" data-orig-file=\"https:\/\/eldiariodesanpedro.com.ar\/sitio\/wp-content\/uploads\/2019\/02\/WhatsApp-Image-2019-02-19-at-08.38.46.jpeg\" data-orig-size=\"780,1040\" data-comments-opened=\"1\" data-image-meta=\"{&quot;aperture&quot;:&quot;0&quot;,&quot;credit&quot;:&quot;&quot;,&quot;camera&quot;:&quot;&quot;,&quot;caption&quot;:&quot;&quot;,&quot;created_timestamp&quot;:&quot;0&quot;,&quot;copyright&quot;:&quot;&quot;,&quot;focal_length&quot;:&quot;0&quot;,&quot;iso&quot;:&quot;0&quot;,&quot;shutter_speed&quot;:&quot;0&quot;,&quot;title&quot;:&quot;&quot;,&quot;orientation&quot;:&quot;0&quot;}\" data-image-title=\"WhatsApp Image 2019-02-19 at 08.38.46\" data-image-description=\"\" data-image-caption=\"\" data-large-file=\"https:\/\/eldiariodesanpedro.com.ar\/sitio\/wp-content\/uploads\/2019\/02\/WhatsApp-Image-2019-02-19-at-08.38.46-768x1024.jpeg\" data-src=\"https:\/\/eldiariodesanpedro.com.ar\/sitio\/wp-content\/uploads\/2019\/02\/WhatsApp-Image-2019-02-19-at-08.38.46-768x1024.jpeg\" alt=\"\" class=\"wp-image-47828 lazyload\" data-srcset=\"https:\/\/eldiariodesanpedro.com.ar\/sitio\/wp-content\/uploads\/2019\/02\/WhatsApp-Image-2019-02-19-at-08.38.46-768x1024.jpeg 768w, https:\/\/eldiariodesanpedro.com.ar\/sitio\/wp-content\/uploads\/2019\/02\/WhatsApp-Image-2019-02-19-at-08.38.46-225x300.jpeg 225w, https:\/\/eldiariodesanpedro.com.ar\/sitio\/wp-content\/uploads\/2019\/02\/WhatsApp-Image-2019-02-19-at-08.38.46.jpeg 780w\" data-sizes=\"(max-width: 768px) 100vw, 768px\" src=\"data:image\/svg+xml;base64,PHN2ZyB3aWR0aD0iMSIgaGVpZ2h0PSIxIiB4bWxucz0iaHR0cDovL3d3dy53My5vcmcvMjAwMC9zdmciPjwvc3ZnPg==\" style=\"--smush-placeholder-width: 768px; --smush-placeholder-aspect-ratio: 768\/1024;\" \/><\/figure>\n\n\n\n<p>El personal policial fue alertado esta madrugada y tras rapido accionar logran la aprehension de dos delincuentes de 18 y 38 a\u00f1os de edad quienes tenian una actitud agresiva, resistiendose a la autoridad y tratando de emprender fuga cuando fueron reducidos rapidamente.<\/p>\n\n\n\n<p>Tras averiguaciones de identidad, los malvivientes resultan ser padre e hijo, residentes y con frondosos antecedentes  por delitos contra la propiedad y las personas.<\/p>\n\n\n\n<p>En su poder llevaban una mochila con varios efectos tablet, planchita de pelo, presto barba, zapatillas, mochila, artefactos de iluminaci\u00f3n arrancados, de los cuales se trata de establecer il\u00edcito.<\/p>\n\n\n\n<p>A metros del lugar un abuelo de 75 a\u00f1os hab\u00eda alertado a la polic\u00eda luego de que le da\u00f1aran el vidrio de la puerta de ingreso con fines de robo, sin lograr cometido, sospechando los efectivos de los delincuentes aprehendidos.<\/p>\n\n\n\n<p>Se solicita difusi\u00f3n de los elementos secuestrados con  fines de poder determinar posible damnificado .\u00a0<\/p>\n","protected":false},"excerpt":{"rendered":"<p>Ocurri\u00f3 esta madrugada, los delincuentes intentaron fugarse de los efectivos pero fueron reducidos r\u00e1pidamente. En su mochila llevaban elementos robados donde todav\u00eda no han podido identificar a su propietario\/a. El personal policial fue alertado esta madrugada y tras rapido accionar logran la aprehension de dos delincuentes de 18 y 38 a\u00f1os de edad quienes tenian [&hellip;]<\/p>\n","protected":false},"author":4,"featured_media":47828,"comment_status":"open","ping_status":"closed","sticky":false,"template":"","format":"standard","meta":{"om_disable_all_campaigns":false,"_jetpack_memberships_contains_paid_content":false,"footnotes":""},"categories":[2,103],"tags":[],"class_list":["post-47837","post","type-post","status-publish","format-standard","has-post-thumbnail","hentry","category-locales","category-policiales-locales"],"aioseo_notices":[],"gutentor_comment":0,"jetpack_featured_media_url":"https:\/\/eldiariodesanpedro.com.ar\/sitio\/wp-content\/uploads\/2019\/02\/WhatsApp-Image-2019-02-19-at-08.38.46.jpeg","jetpack_shortlink":"https:\/\/wp.me\/p6RhLt-crz","jetpack_sharing_enabled":true,"_links":{"self":[{"href":"https:\/\/eldiariodesanpedro.com.ar\/sitio\/wp-json\/wp\/v2\/posts\/47837","targetHints":{"allow":["GET"]}}],"collection":[{"href":"https:\/\/eldiariodesanpedro.com.ar\/sitio\/wp-json\/wp\/v2\/posts"}],"about":[{"href":"https:\/\/eldiariodesanpedro.com.ar\/sitio\/wp-json\/wp\/v2\/types\/post"}],"author":[{"embeddable":true,"href":"https:\/\/eldiariodesanpedro.com.ar\/sitio\/wp-json\/wp\/v2\/users\/4"}],"replies":[{"embeddable":true,"href":"https:\/\/eldiariodesanpedro.com.ar\/sitio\/wp-json\/wp\/v2\/comments?post=47837"}],"version-history":[{"count":2,"href":"https:\/\/eldiariodesanpedro.com.ar\/sitio\/wp-json\/wp\/v2\/posts\/47837\/revisions"}],"predecessor-version":[{"id":47840,"href":"https:\/\/eldiariodesanpedro.com.ar\/sitio\/wp-json\/wp\/v2\/posts\/47837\/revisions\/47840"}],"wp:featuredmedia":[{"embeddable":true,"href":"https:\/\/eldiariodesanpedro.com.ar\/sitio\/wp-json\/wp\/v2\/media\/47828"}],"wp:attachment":[{"href":"https:\/\/eldiariodesanpedro.com.ar\/sitio\/wp-json\/wp\/v2\/media?parent=47837"}],"wp:term":[{"taxonomy":"category","embeddable":true,"href":"https:\/\/eldiariodesanpedro.com.ar\/sitio\/wp-json\/wp\/v2\/categories?post=47837"},{"taxonomy":"post_tag","embeddable":true,"href":"https:\/\/eldiariodesanpedro.com.ar\/sitio\/wp-json\/wp\/v2\/tags?post=47837"}],"curies":[{"name":"wp","href":"https:\/\/api.w.org\/{rel}","templated":true}]}}