{"id":47834,"date":"2019-02-19T09:21:36","date_gmt":"2019-02-19T12:21:36","guid":{"rendered":"https:\/\/eldiariodesanpedro.com.ar\/sitio\/?p=47834"},"modified":"2019-02-19T09:21:44","modified_gmt":"2019-02-19T12:21:44","slug":"un-adolescente-de-15-agredido-por-un-mayor-de-edad-luego-de-jugar-un-partido-de-futbol","status":"publish","type":"post","link":"https:\/\/eldiariodesanpedro.com.ar\/sitio\/un-adolescente-de-15-agredido-por-un-mayor-de-edad-luego-de-jugar-un-partido-de-futbol\/","title":{"rendered":"Un adolescente de 15 agredido por un mayor de edad luego de jugar un partido de f\u00fatbol"},"content":{"rendered":"<!-- VideographyWP Plugin Message: Automatic video embedding prevented by plugin options. -->\n\n<p>Sucedi\u00f3 en el Club Banfield luego de jugar al f\u00fatbol cinco. El menor recibi\u00f3 golpes por parte del mayor de edad quien quedado desconforme con el resultado.<\/p>\n\n\n\n<p>Por la noche del lunes, un adolescente de 15 a\u00f1os de edad radico una denuncia en la dependencia local luego de ser agredido f\u00edsicamente por un sujeto mayor.<\/p>\n\n\n\n<p>Seg\u00fan cuenta la victima, el agresor se habr\u00eda enojado por el resultado del partido y tras discusi\u00f3n  lo golpea quien resulta lesionado en el rostro.<\/p>\n\n\n\n<p>Interviene la fiscalia en turno con una causa caratulada lesiones por agresiones leves.<\/p>\n\n\n\n<p>Tambi\u00e9n otro joven de 25 radico su denuncia tras ser agredido con golpes de pu\u00f1o por otro tras producirse una ri\u00f1a en los pasillos de Hermano Indio. El denunciante sufri\u00f3 lesiones en la nariz.<\/p>\n\n\n\n<p><\/p>\n\n\n\n<p><br><br><\/p>\n","protected":false},"excerpt":{"rendered":"<p>Sucedi\u00f3 en el Club Banfield luego de jugar al f\u00fatbol cinco. El menor recibi\u00f3 golpes por parte del mayor de edad quien quedado desconforme con el resultado. Por la noche del lunes, un adolescente de 15 a\u00f1os de edad radico una denuncia en la dependencia local luego de ser agredido f\u00edsicamente por un sujeto mayor. [&hellip;]<\/p>\n","protected":false},"author":4,"featured_media":47835,"comment_status":"open","ping_status":"closed","sticky":false,"template":"","format":"standard","meta":{"om_disable_all_campaigns":false,"_jetpack_memberships_contains_paid_content":false,"footnotes":""},"categories":[2,103],"tags":[],"class_list":["post-47834","post","type-post","status-publish","format-standard","has-post-thumbnail","hentry","category-locales","category-policiales-locales"],"aioseo_notices":[],"gutentor_comment":0,"jetpack_featured_media_url":"https:\/\/eldiariodesanpedro.com.ar\/sitio\/wp-content\/uploads\/2019\/02\/pu\u00f1o-golpe-640x428.jpg","jetpack_shortlink":"https:\/\/wp.me\/p6RhLt-crw","jetpack_sharing_enabled":true,"_links":{"self":[{"href":"https:\/\/eldiariodesanpedro.com.ar\/sitio\/wp-json\/wp\/v2\/posts\/47834","targetHints":{"allow":["GET"]}}],"collection":[{"href":"https:\/\/eldiariodesanpedro.com.ar\/sitio\/wp-json\/wp\/v2\/posts"}],"about":[{"href":"https:\/\/eldiariodesanpedro.com.ar\/sitio\/wp-json\/wp\/v2\/types\/post"}],"author":[{"embeddable":true,"href":"https:\/\/eldiariodesanpedro.com.ar\/sitio\/wp-json\/wp\/v2\/users\/4"}],"replies":[{"embeddable":true,"href":"https:\/\/eldiariodesanpedro.com.ar\/sitio\/wp-json\/wp\/v2\/comments?post=47834"}],"version-history":[{"count":1,"href":"https:\/\/eldiariodesanpedro.com.ar\/sitio\/wp-json\/wp\/v2\/posts\/47834\/revisions"}],"predecessor-version":[{"id":47836,"href":"https:\/\/eldiariodesanpedro.com.ar\/sitio\/wp-json\/wp\/v2\/posts\/47834\/revisions\/47836"}],"wp:featuredmedia":[{"embeddable":true,"href":"https:\/\/eldiariodesanpedro.com.ar\/sitio\/wp-json\/wp\/v2\/media\/47835"}],"wp:attachment":[{"href":"https:\/\/eldiariodesanpedro.com.ar\/sitio\/wp-json\/wp\/v2\/media?parent=47834"}],"wp:term":[{"taxonomy":"category","embeddable":true,"href":"https:\/\/eldiariodesanpedro.com.ar\/sitio\/wp-json\/wp\/v2\/categories?post=47834"},{"taxonomy":"post_tag","embeddable":true,"href":"https:\/\/eldiariodesanpedro.com.ar\/sitio\/wp-json\/wp\/v2\/tags?post=47834"}],"curies":[{"name":"wp","href":"https:\/\/api.w.org\/{rel}","templated":true}]}}